{"id":2359,"date":"2006-07-08T10:50:53","date_gmt":"2006-07-08T08:50:53","guid":{"rendered":"http:\/\/www.ff-oepping.at\/wp\/?p=2359"},"modified":"2006-07-08T10:50:53","modified_gmt":"2006-07-08T08:50:53","slug":"jugend-beim-landesbewerb-in-marchtrenk","status":"publish","type":"post","link":"https:\/\/www.ff-oepping.at\/cms\/jugend\/jugend-beim-landesbewerb-in-marchtrenk\/","title":{"rendered":"Jugend beim Landesbewerb in Marchtrenk"},"content":{"rendered":"<p>Zwei Oeppinger Jugendgruppen treten beim Landesbewerb in Marchtrenk an.<br \/>\n<strong><span style=\"text-decoration: underline;\">Gruppe 1:<\/span><\/strong><br \/>\nBei der Gruppe 1 haben leider Schlechtpunkte einen Platz in der N\u00e4he der Siegerr\u00e4nge verhindert. In Bronze belegte man schlie\u00dflich Platz 215 und in Silber Platz 194.<br \/>\n<strong><span style=\"text-decoration: underline;\"><a href=\"http:\/\/www.ff-oepping.at\/cms\/wp-content\/uploads\/2013\/03\/2006_LB_Jugend2.jpg\" data-rel=\"lightbox-gallery-IPuYZxwf\" data-rl_title=\"\" data-rl_caption=\"\" title=\"\"><img loading=\"lazy\" decoding=\"async\" class=\"alignnone size-medium wp-image-2362\" alt=\"2006_LB_Jugend2\" src=\"http:\/\/www.ff-oepping.at\/cms\/wp-content\/uploads\/2013\/03\/2006_LB_Jugend2-300x225.jpg\" width=\"300\" height=\"225\" srcset=\"https:\/\/www.ff-oepping.at\/cms\/wp-content\/uploads\/2013\/03\/2006_LB_Jugend2-300x225.jpg 300w, https:\/\/www.ff-oepping.at\/cms\/wp-content\/uploads\/2013\/03\/2006_LB_Jugend2.jpg 500w\" sizes=\"auto, (max-width: 300px) 100vw, 300px\" \/><\/a><\/span><\/strong><br \/>\n<strong><span style=\"text-decoration: underline;\">Gruppe 2:<\/span><\/strong><br \/>\n&nbsp;<br \/>\nMit einem Gesamtalter von 100 Jahren\u00a0waren sie eine der j\u00fcngsten Gruppen beim Landesbewerb und so gab es nur ein Ziel, das Erreichen der Abzeichen. In Bronze gelang dies mit 45 Schlechtpunkten nur knapp und man belegte den 602. Platz. In Silber wurde mit 998,72 Punkten und Rang 309 das Ziel leicht erreicht.<br \/>\n<a href=\"http:\/\/www.ff-oepping.at\/cms\/wp-content\/uploads\/2013\/03\/2006_LB_Jugend.jpg\" data-rel=\"lightbox-gallery-IPuYZxwf\" data-rl_title=\"\" data-rl_caption=\"\" title=\"\"><img loading=\"lazy\" decoding=\"async\" class=\"alignnone size-full wp-image-2360\" alt=\"2006_LB_Jugend\" src=\"http:\/\/www.ff-oepping.at\/cms\/wp-content\/uploads\/2013\/03\/2006_LB_Jugend.jpg\" width=\"250\" height=\"188\" \/><\/a> <a href=\"http:\/\/www.ff-oepping.at\/cms\/wp-content\/uploads\/2013\/03\/2006_LB_Jugend1.jpg\" data-rel=\"lightbox-gallery-IPuYZxwf\" data-rl_title=\"\" data-rl_caption=\"\" title=\"\"><img loading=\"lazy\" decoding=\"async\" class=\"alignnone size-medium wp-image-2361\" alt=\"2006_LB_Jugend1\" src=\"http:\/\/www.ff-oepping.at\/cms\/wp-content\/uploads\/2013\/03\/2006_LB_Jugend1.jpg\" width=\"250\" height=\"188\" \/><\/a>\u00a0 <a href=\"http:\/\/www.ff-oepping.at\/cms\/wp-content\/uploads\/2013\/03\/2006_LB_Jugend3.jpg\" data-rel=\"lightbox-gallery-IPuYZxwf\" data-rl_title=\"\" data-rl_caption=\"\" title=\"\"><img loading=\"lazy\" decoding=\"async\" class=\"alignnone size-medium wp-image-2363\" alt=\"2006_LB_Jugend3\" src=\"http:\/\/www.ff-oepping.at\/cms\/wp-content\/uploads\/2013\/03\/2006_LB_Jugend3.jpg\" width=\"250\" height=\"188\" \/><\/a> <a href=\"http:\/\/www.ff-oepping.at\/cms\/wp-content\/uploads\/2013\/03\/2006_LB_Jugend4.jpg\" data-rel=\"lightbox-gallery-IPuYZxwf\" data-rl_title=\"\" data-rl_caption=\"\" title=\"\"><img loading=\"lazy\" decoding=\"async\" class=\"alignnone size-medium wp-image-2364\" alt=\"2006_LB_Jugend4\" src=\"http:\/\/www.ff-oepping.at\/cms\/wp-content\/uploads\/2013\/03\/2006_LB_Jugend4.jpg\" width=\"250\" height=\"188\" \/><\/a> <a href=\"http:\/\/www.ff-oepping.at\/cms\/wp-content\/uploads\/2013\/03\/2006_LB_Jugend6.jpg\" data-rel=\"lightbox-gallery-IPuYZxwf\" data-rl_title=\"\" data-rl_caption=\"\" title=\"\"><img loading=\"lazy\" decoding=\"async\" class=\"alignnone size-medium wp-image-2365\" alt=\"2006_LB_Jugend6\" src=\"http:\/\/www.ff-oepping.at\/cms\/wp-content\/uploads\/2013\/03\/2006_LB_Jugend6.jpg\" width=\"250\" height=\"188\" \/><\/a> <a href=\"http:\/\/www.ff-oepping.at\/cms\/wp-content\/uploads\/2013\/03\/2006_LB_Jugend7.jpg\" data-rel=\"lightbox-gallery-IPuYZxwf\" data-rl_title=\"\" data-rl_caption=\"\" title=\"\"><img loading=\"lazy\" decoding=\"async\" class=\"alignnone size-medium wp-image-2366\" alt=\"2006_LB_Jugend7\" src=\"http:\/\/www.ff-oepping.at\/cms\/wp-content\/uploads\/2013\/03\/2006_LB_Jugend7.jpg\" width=\"250\" height=\"188\" \/><\/a> <a href=\"http:\/\/www.ff-oepping.at\/cms\/wp-content\/uploads\/2013\/03\/2006_LB_Jugend8.jpg\" data-rel=\"lightbox-gallery-IPuYZxwf\" data-rl_title=\"\" data-rl_caption=\"\" title=\"\"><img loading=\"lazy\" decoding=\"async\" class=\"alignnone size-medium wp-image-2367\" alt=\"2006_LB_Jugend8\" src=\"http:\/\/www.ff-oepping.at\/cms\/wp-content\/uploads\/2013\/03\/2006_LB_Jugend8.jpg\" width=\"250\" height=\"188\" \/><\/a> <a href=\"http:\/\/www.ff-oepping.at\/cms\/wp-content\/uploads\/2013\/03\/2006_LB_Jugend9.jpg\" data-rel=\"lightbox-gallery-IPuYZxwf\" data-rl_title=\"\" data-rl_caption=\"\" title=\"\"><img loading=\"lazy\" decoding=\"async\" class=\"alignnone size-medium wp-image-2368\" alt=\"2006_LB_Jugend9\" src=\"http:\/\/www.ff-oepping.at\/cms\/wp-content\/uploads\/2013\/03\/2006_LB_Jugend9-225x300.jpg\" width=\"225\" height=\"300\" \/><\/a><br \/>\n<strong><span style=\"text-decoration: underline;\">Jugend-Leistungsabzeichen in Silber<\/span><\/strong>:<\/p>\n<blockquote dir=\"ltr\"><p>Bei\u00dfmann Manuel<br \/>\nGabriel Michael<br \/>\nSchaubmayr Stefan<br \/>\nSimmel Johannes<br \/>\nSonnleitner Dominik<br \/>\nSonnleitner Tobias<br \/>\nStockinger Patrick<\/p><\/blockquote>\n<p dir=\"ltr\"><span style=\"text-decoration: underline;\"><strong>Jugend-Leistungsabzeichen in Bronze<\/strong><\/span>:<\/p>\n<blockquote dir=\"ltr\">\n<p dir=\"ltr\">Gabriel Marco<br \/>\nH\u00f6fler Markus<br \/>\nH\u00f6glinger Fabian<br \/>\nLeitner Dominik<br \/>\nSchram Florian<br \/>\nStarlinger Kilian<\/p>\n<\/blockquote>\n","protected":false},"excerpt":{"rendered":"<p>Zwei Oeppinger Jugendgruppen treten beim Landesbewerb in Marchtrenk an. Gruppe 1: Bei der Gruppe 1 haben leider Schlechtpunkte einen Platz in der N\u00e4he der Siegerr\u00e4nge verhindert. In Bronze belegte man&hellip;<\/p>\n","protected":false},"author":2,"featured_media":2361,"comment_status":"closed","ping_status":"closed","sticky":false,"template":"","format":"standard","meta":{"footnotes":""},"categories":[21],"tags":[],"class_list":["post-2359","post","type-post","status-publish","format-standard","has-post-thumbnail","hentry","category-jugend"],"views":1068,"wps_subtitle":"","_links":{"self":[{"href":"https:\/\/www.ff-oepping.at\/cms\/wp-json\/wp\/v2\/posts\/2359","targetHints":{"allow":["GET"]}}],"collection":[{"href":"https:\/\/www.ff-oepping.at\/cms\/wp-json\/wp\/v2\/posts"}],"about":[{"href":"https:\/\/www.ff-oepping.at\/cms\/wp-json\/wp\/v2\/types\/post"}],"author":[{"embeddable":true,"href":"https:\/\/www.ff-oepping.at\/cms\/wp-json\/wp\/v2\/users\/2"}],"replies":[{"embeddable":true,"href":"https:\/\/www.ff-oepping.at\/cms\/wp-json\/wp\/v2\/comments?post=2359"}],"version-history":[{"count":0,"href":"https:\/\/www.ff-oepping.at\/cms\/wp-json\/wp\/v2\/posts\/2359\/revisions"}],"wp:featuredmedia":[{"embeddable":true,"href":"https:\/\/www.ff-oepping.at\/cms\/wp-json\/wp\/v2\/media\/2361"}],"wp:attachment":[{"href":"https:\/\/www.ff-oepping.at\/cms\/wp-json\/wp\/v2\/media?parent=2359"}],"wp:term":[{"taxonomy":"category","embeddable":true,"href":"https:\/\/www.ff-oepping.at\/cms\/wp-json\/wp\/v2\/categories?post=2359"},{"taxonomy":"post_tag","embeddable":true,"href":"https:\/\/www.ff-oepping.at\/cms\/wp-json\/wp\/v2\/tags?post=2359"}],"curies":[{"name":"wp","href":"https:\/\/api.w.org\/{rel}","templated":true}]}}