{"id":2505,"date":"2009-07-11T10:12:53","date_gmt":"2009-07-11T08:12:53","guid":{"rendered":"http:\/\/www.ff-oepping.at\/wp\/?p=2505"},"modified":"2009-07-11T10:12:53","modified_gmt":"2009-07-11T08:12:53","slug":"jugend-beim-landesbewerb","status":"publish","type":"post","link":"https:\/\/www.ff-oepping.at\/cms\/jugend\/jugend-beim-landesbewerb\/","title":{"rendered":"Jugend beim Landesbewerb"},"content":{"rendered":"<p>Oepping 1:<br \/>\nIm Vorjahr landete die \u00e4ltere Jugendgruppe noch in den Siegerr\u00e4ngen, so musste man sich heuer mit den Pl\u00e4tzen 46 in Bronze und 57 in Silber zufrieden geben. Eigentlich gar nicht schlecht wenn man bedenkt, dass in Bronze 646 und in Silber 553 Gruppen am Start waren<br \/>\n<a href=\"http:\/\/www.ff-oepping.at\/cms\/wp-content\/uploads\/2013\/03\/2009_Bewerb_Ju_1.jpg\" data-rel=\"lightbox-gallery-wOSKgRf8\" data-rl_title=\"\" data-rl_caption=\"\" title=\"\"><img loading=\"lazy\" decoding=\"async\" class=\"alignnone size-full wp-image-2506\" alt=\"2009_Bewerb_Ju_1\" src=\"http:\/\/www.ff-oepping.at\/cms\/wp-content\/uploads\/2013\/03\/2009_Bewerb_Ju_1.jpg\" width=\"500\" height=\"315\" srcset=\"https:\/\/www.ff-oepping.at\/cms\/wp-content\/uploads\/2013\/03\/2009_Bewerb_Ju_1.jpg 500w, https:\/\/www.ff-oepping.at\/cms\/wp-content\/uploads\/2013\/03\/2009_Bewerb_Ju_1-300x189.jpg 300w\" sizes=\"auto, (max-width: 500px) 100vw, 500px\" \/><\/a><br \/>\nOepping 2:<br \/>\nDie 2. Oeppinger Jugendgruppe hatte mit dem Fehlerteufel zu k\u00e4mpfen und sie belegte die Pl\u00e4tze 247 in Bronze und 317 in Silber.<br \/>\n<a href=\"http:\/\/www.ff-oepping.at\/cms\/wp-content\/uploads\/2013\/03\/2009_Bewerb_Ju_2.jpg\" data-rel=\"lightbox-gallery-wOSKgRf8\" data-rl_title=\"\" data-rl_caption=\"\" title=\"\"><img loading=\"lazy\" decoding=\"async\" class=\"alignnone size-full wp-image-2507\" alt=\"2009_Bewerb_Ju_2\" src=\"http:\/\/www.ff-oepping.at\/cms\/wp-content\/uploads\/2013\/03\/2009_Bewerb_Ju_2.jpg\" width=\"500\" height=\"486\" srcset=\"https:\/\/www.ff-oepping.at\/cms\/wp-content\/uploads\/2013\/03\/2009_Bewerb_Ju_2.jpg 500w, https:\/\/www.ff-oepping.at\/cms\/wp-content\/uploads\/2013\/03\/2009_Bewerb_Ju_2-300x292.jpg 300w\" sizes=\"auto, (max-width: 500px) 100vw, 500px\" \/><\/a><\/p>\n","protected":false},"excerpt":{"rendered":"<p>Oepping 1: Im Vorjahr landete die \u00e4ltere Jugendgruppe noch in den Siegerr\u00e4ngen, so musste man sich heuer mit den Pl\u00e4tzen 46 in Bronze und 57 in Silber zufrieden geben. Eigentlich&hellip;<\/p>\n","protected":false},"author":2,"featured_media":2506,"comment_status":"closed","ping_status":"closed","sticky":false,"template":"","format":"standard","meta":{"footnotes":""},"categories":[21],"tags":[],"class_list":["post-2505","post","type-post","status-publish","format-standard","has-post-thumbnail","hentry","category-jugend"],"views":1053,"wps_subtitle":"","_links":{"self":[{"href":"https:\/\/www.ff-oepping.at\/cms\/wp-json\/wp\/v2\/posts\/2505","targetHints":{"allow":["GET"]}}],"collection":[{"href":"https:\/\/www.ff-oepping.at\/cms\/wp-json\/wp\/v2\/posts"}],"about":[{"href":"https:\/\/www.ff-oepping.at\/cms\/wp-json\/wp\/v2\/types\/post"}],"author":[{"embeddable":true,"href":"https:\/\/www.ff-oepping.at\/cms\/wp-json\/wp\/v2\/users\/2"}],"replies":[{"embeddable":true,"href":"https:\/\/www.ff-oepping.at\/cms\/wp-json\/wp\/v2\/comments?post=2505"}],"version-history":[{"count":0,"href":"https:\/\/www.ff-oepping.at\/cms\/wp-json\/wp\/v2\/posts\/2505\/revisions"}],"wp:featuredmedia":[{"embeddable":true,"href":"https:\/\/www.ff-oepping.at\/cms\/wp-json\/wp\/v2\/media\/2506"}],"wp:attachment":[{"href":"https:\/\/www.ff-oepping.at\/cms\/wp-json\/wp\/v2\/media?parent=2505"}],"wp:term":[{"taxonomy":"category","embeddable":true,"href":"https:\/\/www.ff-oepping.at\/cms\/wp-json\/wp\/v2\/categories?post=2505"},{"taxonomy":"post_tag","embeddable":true,"href":"https:\/\/www.ff-oepping.at\/cms\/wp-json\/wp\/v2\/tags?post=2505"}],"curies":[{"name":"wp","href":"https:\/\/api.w.org\/{rel}","templated":true}]}}