{"id":2520,"date":"2010-01-24T08:42:32","date_gmt":"2010-01-24T06:42:32","guid":{"rendered":"http:\/\/www.ff-oepping.at\/wp\/?p=2520"},"modified":"2010-01-24T08:42:32","modified_gmt":"2010-01-24T06:42:32","slug":"badespas-im-passauer-erlebnisbad-2","status":"publish","type":"post","link":"https:\/\/www.ff-oepping.at\/cms\/jugend\/badespas-im-passauer-erlebnisbad-2\/","title":{"rendered":"Badespa\u00df im Passauer Erlebnisbad"},"content":{"rendered":"<p>Badespa\u00df gabs f\u00fcr unsere Feuerwehrjugend im Erlebnisbad in Passau. Besonders das &#8222;T\u00fcmpfeln&#8220; des Jugendbetreuers war eine volle Gaudi.<br \/>\n<a href=\"http:\/\/www.ff-oepping.at\/cms\/wp-content\/uploads\/2013\/03\/2010_Ju_BadetagPassau_2.jpg\" data-rel=\"lightbox-gallery-aY1ZbrZl\" data-rl_title=\"\" data-rl_caption=\"\" title=\"\"><img loading=\"lazy\" decoding=\"async\" class=\"alignnone size-full wp-image-2522\" alt=\"2010_Ju_BadetagPassau_2\" src=\"http:\/\/www.ff-oepping.at\/cms\/wp-content\/uploads\/2013\/03\/2010_Ju_BadetagPassau_2.jpg\" width=\"500\" height=\"222\" srcset=\"https:\/\/www.ff-oepping.at\/cms\/wp-content\/uploads\/2013\/03\/2010_Ju_BadetagPassau_2.jpg 500w, https:\/\/www.ff-oepping.at\/cms\/wp-content\/uploads\/2013\/03\/2010_Ju_BadetagPassau_2-300x133.jpg 300w\" sizes=\"auto, (max-width: 500px) 100vw, 500px\" \/><\/a><a href=\"http:\/\/www.ff-oepping.at\/cms\/wp-content\/uploads\/2013\/03\/2010_Ju_BadetagPassau_1.jpg\" data-rel=\"lightbox-gallery-aY1ZbrZl\" data-rl_title=\"\" data-rl_caption=\"\" title=\"\"><img loading=\"lazy\" decoding=\"async\" class=\"alignnone size-full wp-image-2521\" alt=\"2010_Ju_BadetagPassau_1\" src=\"http:\/\/www.ff-oepping.at\/cms\/wp-content\/uploads\/2013\/03\/2010_Ju_BadetagPassau_1.jpg\" width=\"500\" height=\"288\" srcset=\"https:\/\/www.ff-oepping.at\/cms\/wp-content\/uploads\/2013\/03\/2010_Ju_BadetagPassau_1.jpg 500w, https:\/\/www.ff-oepping.at\/cms\/wp-content\/uploads\/2013\/03\/2010_Ju_BadetagPassau_1-300x173.jpg 300w\" sizes=\"auto, (max-width: 500px) 100vw, 500px\" \/><\/a><\/p>\n","protected":false},"excerpt":{"rendered":"<p>Badespa\u00df gabs f\u00fcr unsere Feuerwehrjugend im Erlebnisbad in Passau. Besonders das &#8222;T\u00fcmpfeln&#8220; des Jugendbetreuers war eine volle Gaudi.<\/p>\n","protected":false},"author":2,"featured_media":2521,"comment_status":"closed","ping_status":"closed","sticky":false,"template":"","format":"standard","meta":{"footnotes":""},"categories":[21],"tags":[],"class_list":["post-2520","post","type-post","status-publish","format-standard","has-post-thumbnail","hentry","category-jugend"],"views":981,"wps_subtitle":"","_links":{"self":[{"href":"https:\/\/www.ff-oepping.at\/cms\/wp-json\/wp\/v2\/posts\/2520","targetHints":{"allow":["GET"]}}],"collection":[{"href":"https:\/\/www.ff-oepping.at\/cms\/wp-json\/wp\/v2\/posts"}],"about":[{"href":"https:\/\/www.ff-oepping.at\/cms\/wp-json\/wp\/v2\/types\/post"}],"author":[{"embeddable":true,"href":"https:\/\/www.ff-oepping.at\/cms\/wp-json\/wp\/v2\/users\/2"}],"replies":[{"embeddable":true,"href":"https:\/\/www.ff-oepping.at\/cms\/wp-json\/wp\/v2\/comments?post=2520"}],"version-history":[{"count":0,"href":"https:\/\/www.ff-oepping.at\/cms\/wp-json\/wp\/v2\/posts\/2520\/revisions"}],"wp:featuredmedia":[{"embeddable":true,"href":"https:\/\/www.ff-oepping.at\/cms\/wp-json\/wp\/v2\/media\/2521"}],"wp:attachment":[{"href":"https:\/\/www.ff-oepping.at\/cms\/wp-json\/wp\/v2\/media?parent=2520"}],"wp:term":[{"taxonomy":"category","embeddable":true,"href":"https:\/\/www.ff-oepping.at\/cms\/wp-json\/wp\/v2\/categories?post=2520"},{"taxonomy":"post_tag","embeddable":true,"href":"https:\/\/www.ff-oepping.at\/cms\/wp-json\/wp\/v2\/tags?post=2520"}],"curies":[{"name":"wp","href":"https:\/\/api.w.org\/{rel}","templated":true}]}}