{"id":2564,"date":"2011-08-13T12:55:00","date_gmt":"2011-08-13T10:55:00","guid":{"rendered":"http:\/\/www.ff-oepping.at\/wp\/?p=2564"},"modified":"2011-08-13T12:55:00","modified_gmt":"2011-08-13T10:55:00","slug":"besuch-des-integrativen-ferienlagers-2011-in-klaffer","status":"publish","type":"post","link":"https:\/\/www.ff-oepping.at\/cms\/jugend\/besuch-des-integrativen-ferienlagers-2011-in-klaffer\/","title":{"rendered":"Besuch des &quot;Integrativen Ferienlagers 2011&quot; in Klaffer"},"content":{"rendered":"<p>Die Feuerwehr Oepping unterst\u00fctzte mit der weihnachtlichen Friedenslichtaktion das &#8222;Integrative Ferienlager 2011&#8220; im M\u00fchlfunviertel in Klaffer. Bei diesem Projekt des ARCUS Sozialnetzwerkes k\u00f6nnen beeintr\u00e4chtigte und nicht behinderte Kinder und Jugendliche eine gemeinsame, integrative Ferienwoche im M\u00fchlfunviertel in Klaffer verbringen. Das Non-Profit-Sozialnetzwerk lud nun alle Sponsoren als Dankesch\u00f6n zum Besuch des Ferienlagers ein. Die Jugendbetreuer Gabriel Markus und KDT-Stv. Anzinger Rudolf folgten f\u00fcr unsere Feuerwehr der Einladung und konnten sich ein Bild \u00fcber die Aktivit\u00e4ten machen.<br \/>\n<a href=\"http:\/\/www.ff-oepping.at\/cms\/wp-content\/uploads\/2013\/03\/2011_ArcusProjekt_IntegrativesFerienlager_0.jpg\" data-rel=\"lightbox-gallery-C6xMZTMZ\" data-rl_title=\"\" data-rl_caption=\"\" title=\"\"><img loading=\"lazy\" decoding=\"async\" class=\"alignnone size-full wp-image-2565\" alt=\"2011_ArcusProjekt_IntegrativesFerienlager_0\" src=\"http:\/\/www.ff-oepping.at\/cms\/wp-content\/uploads\/2013\/03\/2011_ArcusProjekt_IntegrativesFerienlager_0.jpg\" width=\"250\" height=\"181\" \/><\/a> <a href=\"http:\/\/www.ff-oepping.at\/cms\/wp-content\/uploads\/2013\/03\/2011_ArcusProjekt_IntegrativesFerienlager_1.jpg\" data-rel=\"lightbox-gallery-C6xMZTMZ\" data-rl_title=\"\" data-rl_caption=\"\" title=\"\"><img loading=\"lazy\" decoding=\"async\" class=\"alignnone size-full wp-image-2566\" alt=\"2011_ArcusProjekt_IntegrativesFerienlager_1\" src=\"http:\/\/www.ff-oepping.at\/cms\/wp-content\/uploads\/2013\/03\/2011_ArcusProjekt_IntegrativesFerienlager_1.jpg\" width=\"250\" height=\"188\" \/><\/a><\/p>\n","protected":false},"excerpt":{"rendered":"<p>Die Feuerwehr Oepping unterst\u00fctzte mit der weihnachtlichen Friedenslichtaktion das &#8222;Integrative Ferienlager 2011&#8220; im M\u00fchlfunviertel in Klaffer. Bei diesem Projekt des ARCUS Sozialnetzwerkes k\u00f6nnen beeintr\u00e4chtigte und nicht behinderte Kinder und Jugendliche&hellip;<\/p>\n","protected":false},"author":2,"featured_media":2565,"comment_status":"closed","ping_status":"closed","sticky":false,"template":"","format":"standard","meta":{"footnotes":""},"categories":[21],"tags":[],"class_list":["post-2564","post","type-post","status-publish","format-standard","has-post-thumbnail","hentry","category-jugend"],"views":948,"wps_subtitle":"","_links":{"self":[{"href":"https:\/\/www.ff-oepping.at\/cms\/wp-json\/wp\/v2\/posts\/2564","targetHints":{"allow":["GET"]}}],"collection":[{"href":"https:\/\/www.ff-oepping.at\/cms\/wp-json\/wp\/v2\/posts"}],"about":[{"href":"https:\/\/www.ff-oepping.at\/cms\/wp-json\/wp\/v2\/types\/post"}],"author":[{"embeddable":true,"href":"https:\/\/www.ff-oepping.at\/cms\/wp-json\/wp\/v2\/users\/2"}],"replies":[{"embeddable":true,"href":"https:\/\/www.ff-oepping.at\/cms\/wp-json\/wp\/v2\/comments?post=2564"}],"version-history":[{"count":0,"href":"https:\/\/www.ff-oepping.at\/cms\/wp-json\/wp\/v2\/posts\/2564\/revisions"}],"wp:featuredmedia":[{"embeddable":true,"href":"https:\/\/www.ff-oepping.at\/cms\/wp-json\/wp\/v2\/media\/2565"}],"wp:attachment":[{"href":"https:\/\/www.ff-oepping.at\/cms\/wp-json\/wp\/v2\/media?parent=2564"}],"wp:term":[{"taxonomy":"category","embeddable":true,"href":"https:\/\/www.ff-oepping.at\/cms\/wp-json\/wp\/v2\/categories?post=2564"},{"taxonomy":"post_tag","embeddable":true,"href":"https:\/\/www.ff-oepping.at\/cms\/wp-json\/wp\/v2\/tags?post=2564"}],"curies":[{"name":"wp","href":"https:\/\/api.w.org\/{rel}","templated":true}]}}