{"id":2568,"date":"2011-08-22T08:11:06","date_gmt":"2011-08-22T06:11:06","guid":{"rendered":"http:\/\/www.ff-oepping.at\/wp\/?p=2568"},"modified":"2011-08-22T08:11:06","modified_gmt":"2011-08-22T06:11:06","slug":"jugendausflug-nach-wien","status":"publish","type":"post","link":"https:\/\/www.ff-oepping.at\/cms\/jugend\/jugendausflug-nach-wien\/","title":{"rendered":"Jugendausflug nach Wien"},"content":{"rendered":"<p>Da erst im n\u00e4chsten Sommer wieder ein Jugendlager am Programm steht, organisierten unsere Jugendbetreuer f\u00fcr dieses Jahr einen 3-Tagesausflug nach Wien.<br \/>\nAm Freitag um 07:20 Uhr starteten 11 Jungendmitglieder und 3 Betreuer mit der Bahn bei herrlichem Wetter um unserer Bundeshauptstadt einen Besuch abzustatten.<br \/>\n<a href=\"http:\/\/www.ff-oepping.at\/cms\/wp-content\/uploads\/2013\/03\/2011_JuAusflugWien_01.jpg\" data-rel=\"lightbox-gallery-4Q4GJSyc\" data-rl_title=\"\" data-rl_caption=\"\" title=\"\"><img loading=\"lazy\" decoding=\"async\" class=\"alignnone size-full wp-image-2569\" alt=\"2011_JuAusflugWien_01\" src=\"http:\/\/www.ff-oepping.at\/cms\/wp-content\/uploads\/2013\/03\/2011_JuAusflugWien_01.jpg\" width=\"500\" height=\"375\" srcset=\"https:\/\/www.ff-oepping.at\/cms\/wp-content\/uploads\/2013\/03\/2011_JuAusflugWien_01.jpg 500w, https:\/\/www.ff-oepping.at\/cms\/wp-content\/uploads\/2013\/03\/2011_JuAusflugWien_01-300x225.jpg 300w\" sizes=\"auto, (max-width: 500px) 100vw, 500px\" \/><\/a><br \/>\n<a href=\"http:\/\/www.ff-oepping.at\/cms\/wp-content\/uploads\/2013\/03\/2011_JuAusflugWien_02.jpg\" data-rel=\"lightbox-gallery-4Q4GJSyc\" data-rl_title=\"\" data-rl_caption=\"\" title=\"\"><img loading=\"lazy\" decoding=\"async\" class=\"alignnone size-full wp-image-2570\" alt=\"2011_JuAusflugWien_02\" src=\"http:\/\/www.ff-oepping.at\/cms\/wp-content\/uploads\/2013\/03\/2011_JuAusflugWien_02.jpg\" width=\"250\" height=\"188\" \/><\/a><br \/>\nNach der Ankuft in Wien stand bis zum Abend der Besuch der Donauinsel mit dem Donauturm auf dem Programm.<a href=\"http:\/\/www.ff-oepping.at\/cms\/wp-content\/uploads\/2013\/03\/2011_JuAusflugWien_03_.jpg\" data-rel=\"lightbox-gallery-4Q4GJSyc\" data-rl_title=\"\" data-rl_caption=\"\" title=\"\"><img loading=\"lazy\" decoding=\"async\" class=\"alignnone size-full wp-image-2571\" alt=\"2011_JuAusflugWien_03_\" src=\"http:\/\/www.ff-oepping.at\/cms\/wp-content\/uploads\/2013\/03\/2011_JuAusflugWien_03_.jpg\" width=\"500\" height=\"239\" srcset=\"https:\/\/www.ff-oepping.at\/cms\/wp-content\/uploads\/2013\/03\/2011_JuAusflugWien_03_.jpg 500w, https:\/\/www.ff-oepping.at\/cms\/wp-content\/uploads\/2013\/03\/2011_JuAusflugWien_03_-300x143.jpg 300w\" sizes=\"auto, (max-width: 500px) 100vw, 500px\" \/><\/a> <a href=\"http:\/\/www.ff-oepping.at\/cms\/wp-content\/uploads\/2013\/03\/2011_JuAusflugWien_04.jpg\" data-rel=\"lightbox-gallery-4Q4GJSyc\" data-rl_title=\"\" data-rl_caption=\"\" title=\"\"><img loading=\"lazy\" decoding=\"async\" class=\"alignnone size-full wp-image-2572\" alt=\"2011_JuAusflugWien_04\" src=\"http:\/\/www.ff-oepping.at\/cms\/wp-content\/uploads\/2013\/03\/2011_JuAusflugWien_04.jpg\" width=\"499\" height=\"188\" srcset=\"https:\/\/www.ff-oepping.at\/cms\/wp-content\/uploads\/2013\/03\/2011_JuAusflugWien_04.jpg 499w, https:\/\/www.ff-oepping.at\/cms\/wp-content\/uploads\/2013\/03\/2011_JuAusflugWien_04-300x113.jpg 300w\" sizes=\"auto, (max-width: 499px) 100vw, 499px\" \/><\/a><br \/>\nDas Abendprogramm war ein Besuch im Cineplexx-Kino und danach konnten die Reiseteilnehmer ihre Zimmer in einer modernen Jugendherberge beziehen. Nach dem Fr\u00fchst\u00fcck gings zum Schloss Sch\u00f6nbrunn, wo bis Mittag der Sch\u00f6nbrunner Tiergarten besichtigt werden konnte.<br \/>\n<a href=\"http:\/\/www.ff-oepping.at\/cms\/wp-content\/uploads\/2013\/03\/2011_JuAusflugWien_06.jpg\" data-rel=\"lightbox-gallery-4Q4GJSyc\" data-rl_title=\"\" data-rl_caption=\"\" title=\"\"><img loading=\"lazy\" decoding=\"async\" class=\"alignnone size-full wp-image-2573\" alt=\"2011_JuAusflugWien_06\" src=\"http:\/\/www.ff-oepping.at\/cms\/wp-content\/uploads\/2013\/03\/2011_JuAusflugWien_06.jpg\" width=\"250\" height=\"188\" \/><\/a> <a href=\"http:\/\/www.ff-oepping.at\/cms\/wp-content\/uploads\/2013\/03\/2011_JuAusflugWien_07.jpg\" data-rel=\"lightbox-gallery-4Q4GJSyc\" data-rl_title=\"\" data-rl_caption=\"\" title=\"\"><img loading=\"lazy\" decoding=\"async\" class=\"alignnone size-full wp-image-2574\" alt=\"2011_JuAusflugWien_07\" src=\"http:\/\/www.ff-oepping.at\/cms\/wp-content\/uploads\/2013\/03\/2011_JuAusflugWien_07.jpg\" width=\"250\" height=\"188\" \/><\/a><br \/>\nNachmittags stand eine Stadtrundfahrt am Programm und das Eis war bei der gro\u00dfen Hitze f\u00fcr alle Teilnehmer wohl lebensrettend. <a href=\"http:\/\/www.ff-oepping.at\/cms\/wp-content\/uploads\/2013\/03\/2011_JuAusflugWien_09.jpg\" data-rel=\"lightbox-gallery-4Q4GJSyc\" data-rl_title=\"\" data-rl_caption=\"\" title=\"\"><img loading=\"lazy\" decoding=\"async\" class=\"alignnone size-full wp-image-2576\" alt=\"2011_JuAusflugWien_09\" src=\"http:\/\/www.ff-oepping.at\/cms\/wp-content\/uploads\/2013\/03\/2011_JuAusflugWien_09.jpg\" width=\"499\" height=\"446\" srcset=\"https:\/\/www.ff-oepping.at\/cms\/wp-content\/uploads\/2013\/03\/2011_JuAusflugWien_09.jpg 499w, https:\/\/www.ff-oepping.at\/cms\/wp-content\/uploads\/2013\/03\/2011_JuAusflugWien_09-300x268.jpg 300w\" sizes=\"auto, (max-width: 499px) 100vw, 499px\" \/><\/a><br \/>\nAm Abend gings zum Prater und als erstes war eine Fahrt mit dem Riesenrad angesagt. Nat\u00fcrlich konnte jeder nach Lust und Laune den weiter Vergn\u00fcgungspark genie\u00dfen. Jedenfalls wurde es wieder sp\u00e4t f\u00fcr unsere Reisenden.<br \/>\n<a href=\"http:\/\/www.ff-oepping.at\/cms\/wp-content\/uploads\/2013\/03\/2011_JuAusflugWien_10.jpg\" data-rel=\"lightbox-gallery-4Q4GJSyc\" data-rl_title=\"\" data-rl_caption=\"\" title=\"\"><img loading=\"lazy\" decoding=\"async\" class=\"alignnone size-full wp-image-2577\" alt=\"2011_JuAusflugWien_10\" src=\"http:\/\/www.ff-oepping.at\/cms\/wp-content\/uploads\/2013\/03\/2011_JuAusflugWien_10.jpg\" width=\"250\" height=\"188\" \/><\/a> <a href=\"http:\/\/www.ff-oepping.at\/cms\/wp-content\/uploads\/2013\/03\/2011_JuAusflugWien_12.jpg\" data-rel=\"lightbox-gallery-4Q4GJSyc\" data-rl_title=\"\" data-rl_caption=\"\" title=\"\"><img loading=\"lazy\" decoding=\"async\" class=\"alignnone size-full wp-image-2579\" alt=\"2011_JuAusflugWien_12\" src=\"http:\/\/www.ff-oepping.at\/cms\/wp-content\/uploads\/2013\/03\/2011_JuAusflugWien_12.jpg\" width=\"250\" height=\"188\" \/><\/a><br \/>\n<a href=\"http:\/\/www.ff-oepping.at\/cms\/wp-content\/uploads\/2013\/03\/2011_JuAusflugWien_11.jpg\" data-rel=\"lightbox-gallery-4Q4GJSyc\" data-rl_title=\"\" data-rl_caption=\"\" title=\"\"><img loading=\"lazy\" decoding=\"async\" class=\"alignnone size-full wp-image-2578\" alt=\"2011_JuAusflugWien_11\" src=\"http:\/\/www.ff-oepping.at\/cms\/wp-content\/uploads\/2013\/03\/2011_JuAusflugWien_11.jpg\" width=\"250\" height=\"188\" \/><\/a> <a href=\"http:\/\/www.ff-oepping.at\/cms\/wp-content\/uploads\/2013\/03\/2011_JuAusflugWien_13.jpg\" data-rel=\"lightbox-gallery-4Q4GJSyc\" data-rl_title=\"\" data-rl_caption=\"\" title=\"\"><img loading=\"lazy\" decoding=\"async\" class=\"alignnone size-full wp-image-2580\" alt=\"2011_JuAusflugWien_13\" src=\"http:\/\/www.ff-oepping.at\/cms\/wp-content\/uploads\/2013\/03\/2011_JuAusflugWien_13.jpg\" width=\"250\" height=\"188\" \/><\/a><a href=\"http:\/\/www.ff-oepping.at\/cms\/wp-content\/uploads\/2013\/03\/2011_JuAusflugWien_08.jpg\" data-rel=\"lightbox-gallery-4Q4GJSyc\" data-rl_title=\"\" data-rl_caption=\"\" title=\"\"><img loading=\"lazy\" decoding=\"async\" class=\"alignnone size-full wp-image-2575\" alt=\"2011_JuAusflugWien_08\" src=\"http:\/\/www.ff-oepping.at\/cms\/wp-content\/uploads\/2013\/03\/2011_JuAusflugWien_08.jpg\" width=\"500\" height=\"240\" srcset=\"https:\/\/www.ff-oepping.at\/cms\/wp-content\/uploads\/2013\/03\/2011_JuAusflugWien_08.jpg 500w, https:\/\/www.ff-oepping.at\/cms\/wp-content\/uploads\/2013\/03\/2011_JuAusflugWien_08-300x144.jpg 300w\" sizes=\"auto, (max-width: 500px) 100vw, 500px\" \/><\/a><br \/>\nAm letzten Tag stand am Vormittag noch der Besuch des Stefansdom am Programm, anschlie\u00dfend gings noch zum Naschmarkt. <a href=\"http:\/\/www.ff-oepping.at\/cms\/wp-content\/uploads\/2013\/03\/2011_JuAusflugWien_14.jpg\" data-rel=\"lightbox-gallery-4Q4GJSyc\" data-rl_title=\"\" data-rl_caption=\"\" title=\"\"><img loading=\"lazy\" decoding=\"async\" class=\"alignnone size-full wp-image-2581\" alt=\"2011_JuAusflugWien_14\" src=\"http:\/\/www.ff-oepping.at\/cms\/wp-content\/uploads\/2013\/03\/2011_JuAusflugWien_14.jpg\" width=\"500\" height=\"375\" srcset=\"https:\/\/www.ff-oepping.at\/cms\/wp-content\/uploads\/2013\/03\/2011_JuAusflugWien_14.jpg 500w, https:\/\/www.ff-oepping.at\/cms\/wp-content\/uploads\/2013\/03\/2011_JuAusflugWien_14-300x225.jpg 300w\" sizes=\"auto, (max-width: 500px) 100vw, 500px\" \/><\/a><\/p>\n","protected":false},"excerpt":{"rendered":"<p>Da erst im n\u00e4chsten Sommer wieder ein Jugendlager am Programm steht, organisierten unsere Jugendbetreuer f\u00fcr dieses Jahr einen 3-Tagesausflug nach Wien. Am Freitag um 07:20 Uhr starteten 11 Jungendmitglieder und&hellip;<\/p>\n","protected":false},"author":2,"featured_media":2570,"comment_status":"closed","ping_status":"closed","sticky":false,"template":"","format":"standard","meta":{"footnotes":""},"categories":[21],"tags":[],"class_list":["post-2568","post","type-post","status-publish","format-standard","has-post-thumbnail","hentry","category-jugend"],"views":1098,"wps_subtitle":"","_links":{"self":[{"href":"https:\/\/www.ff-oepping.at\/cms\/wp-json\/wp\/v2\/posts\/2568","targetHints":{"allow":["GET"]}}],"collection":[{"href":"https:\/\/www.ff-oepping.at\/cms\/wp-json\/wp\/v2\/posts"}],"about":[{"href":"https:\/\/www.ff-oepping.at\/cms\/wp-json\/wp\/v2\/types\/post"}],"author":[{"embeddable":true,"href":"https:\/\/www.ff-oepping.at\/cms\/wp-json\/wp\/v2\/users\/2"}],"replies":[{"embeddable":true,"href":"https:\/\/www.ff-oepping.at\/cms\/wp-json\/wp\/v2\/comments?post=2568"}],"version-history":[{"count":0,"href":"https:\/\/www.ff-oepping.at\/cms\/wp-json\/wp\/v2\/posts\/2568\/revisions"}],"wp:featuredmedia":[{"embeddable":true,"href":"https:\/\/www.ff-oepping.at\/cms\/wp-json\/wp\/v2\/media\/2570"}],"wp:attachment":[{"href":"https:\/\/www.ff-oepping.at\/cms\/wp-json\/wp\/v2\/media?parent=2568"}],"wp:term":[{"taxonomy":"category","embeddable":true,"href":"https:\/\/www.ff-oepping.at\/cms\/wp-json\/wp\/v2\/categories?post=2568"},{"taxonomy":"post_tag","embeddable":true,"href":"https:\/\/www.ff-oepping.at\/cms\/wp-json\/wp\/v2\/tags?post=2568"}],"curies":[{"name":"wp","href":"https:\/\/api.w.org\/{rel}","templated":true}]}}