{"id":2583,"date":"2011-10-02T14:58:30","date_gmt":"2011-10-02T12:58:30","guid":{"rendered":"http:\/\/www.ff-oepping.at\/wp\/?p=2583"},"modified":"2011-10-02T14:58:30","modified_gmt":"2011-10-02T12:58:30","slug":"jugendwandertag-in-die-teufelmuhle","status":"publish","type":"post","link":"https:\/\/www.ff-oepping.at\/cms\/jugend\/jugendwandertag-in-die-teufelmuhle\/","title":{"rendered":"Jugendwandertag in die Teufelm\u00fchle"},"content":{"rendered":"<p>7 Jugendmitglieder und 3 Betreuer maschierten bei herrlichem Wetter von Oepping in die Teufelm\u00fchle. Dort wartete eine z\u00fcnftige Jause auf die flei\u00dfigen Marschierer. \u00dcberanstrengt d\u00fcrfte sich unsere Jugend nicht haben, zumal sie noch Kraft f\u00fcr Wettrennen mit den Miniautos hatten.<br \/>\n<a href=\"http:\/\/www.ff-oepping.at\/cms\/wp-content\/uploads\/2013\/03\/2011_Ju-Wandertag2.jpg\" data-rel=\"lightbox-gallery-ueUFsFxt\" data-rl_title=\"\" data-rl_caption=\"\" title=\"\"><img loading=\"lazy\" decoding=\"async\" class=\"alignnone size-full wp-image-2584\" alt=\"2011_Ju-Wandertag2\" src=\"http:\/\/www.ff-oepping.at\/cms\/wp-content\/uploads\/2013\/03\/2011_Ju-Wandertag2.jpg\" width=\"250\" height=\"188\" \/><\/a> <a href=\"http:\/\/www.ff-oepping.at\/cms\/wp-content\/uploads\/2013\/03\/2011_Ju-Wandertag3.jpg\" data-rel=\"lightbox-gallery-ueUFsFxt\" data-rl_title=\"\" data-rl_caption=\"\" title=\"\"><img loading=\"lazy\" decoding=\"async\" class=\"alignnone size-full wp-image-2585\" alt=\"2011_Ju-Wandertag3\" src=\"http:\/\/www.ff-oepping.at\/cms\/wp-content\/uploads\/2013\/03\/2011_Ju-Wandertag3.jpg\" width=\"250\" height=\"188\" \/><\/a><br \/>\n<a href=\"http:\/\/www.ff-oepping.at\/cms\/wp-content\/uploads\/2013\/03\/2011_Ju-Wandertag4.jpg\" data-rel=\"lightbox-gallery-ueUFsFxt\" data-rl_title=\"\" data-rl_caption=\"\" title=\"\"><img loading=\"lazy\" decoding=\"async\" class=\"alignnone size-full wp-image-2586\" alt=\"2011_Ju-Wandertag4\" src=\"http:\/\/www.ff-oepping.at\/cms\/wp-content\/uploads\/2013\/03\/2011_Ju-Wandertag4.jpg\" width=\"400\" height=\"300\" srcset=\"https:\/\/www.ff-oepping.at\/cms\/wp-content\/uploads\/2013\/03\/2011_Ju-Wandertag4.jpg 400w, https:\/\/www.ff-oepping.at\/cms\/wp-content\/uploads\/2013\/03\/2011_Ju-Wandertag4-300x225.jpg 300w\" sizes=\"auto, (max-width: 400px) 100vw, 400px\" \/><\/a><\/p>\n","protected":false},"excerpt":{"rendered":"<p>7 Jugendmitglieder und 3 Betreuer maschierten bei herrlichem Wetter von Oepping in die Teufelm\u00fchle. Dort wartete eine z\u00fcnftige Jause auf die flei\u00dfigen Marschierer. \u00dcberanstrengt d\u00fcrfte sich unsere Jugend nicht haben,&hellip;<\/p>\n","protected":false},"author":2,"featured_media":2585,"comment_status":"closed","ping_status":"closed","sticky":false,"template":"","format":"standard","meta":{"footnotes":""},"categories":[21],"tags":[],"class_list":["post-2583","post","type-post","status-publish","format-standard","has-post-thumbnail","hentry","category-jugend"],"views":970,"wps_subtitle":"","_links":{"self":[{"href":"https:\/\/www.ff-oepping.at\/cms\/wp-json\/wp\/v2\/posts\/2583","targetHints":{"allow":["GET"]}}],"collection":[{"href":"https:\/\/www.ff-oepping.at\/cms\/wp-json\/wp\/v2\/posts"}],"about":[{"href":"https:\/\/www.ff-oepping.at\/cms\/wp-json\/wp\/v2\/types\/post"}],"author":[{"embeddable":true,"href":"https:\/\/www.ff-oepping.at\/cms\/wp-json\/wp\/v2\/users\/2"}],"replies":[{"embeddable":true,"href":"https:\/\/www.ff-oepping.at\/cms\/wp-json\/wp\/v2\/comments?post=2583"}],"version-history":[{"count":0,"href":"https:\/\/www.ff-oepping.at\/cms\/wp-json\/wp\/v2\/posts\/2583\/revisions"}],"wp:featuredmedia":[{"embeddable":true,"href":"https:\/\/www.ff-oepping.at\/cms\/wp-json\/wp\/v2\/media\/2585"}],"wp:attachment":[{"href":"https:\/\/www.ff-oepping.at\/cms\/wp-json\/wp\/v2\/media?parent=2583"}],"wp:term":[{"taxonomy":"category","embeddable":true,"href":"https:\/\/www.ff-oepping.at\/cms\/wp-json\/wp\/v2\/categories?post=2583"},{"taxonomy":"post_tag","embeddable":true,"href":"https:\/\/www.ff-oepping.at\/cms\/wp-json\/wp\/v2\/tags?post=2583"}],"curies":[{"name":"wp","href":"https:\/\/api.w.org\/{rel}","templated":true}]}}