{"id":2594,"date":"2011-12-24T15:23:16","date_gmt":"2011-12-24T13:23:16","guid":{"rendered":"http:\/\/www.ff-oepping.at\/wp\/?p=2594"},"modified":"2011-12-24T15:23:16","modified_gmt":"2011-12-24T13:23:16","slug":"friedenslichtaktion-fur-oon-christkindl","status":"publish","type":"post","link":"https:\/\/www.ff-oepping.at\/cms\/jugend\/friedenslichtaktion-fur-oon-christkindl\/","title":{"rendered":"Friedenslichtaktion f\u00fcr O\u00d6N Christkindl"},"content":{"rendered":"<p>Einmal mehr sammelte die Feuerwehrjugend im Zuge der Friedenlichtaktion f\u00fcr einen guten Zweck. Diesmal geht der Sammelerl\u00f6s von \u20ac 2.378, den die Feuerwehr auf \u20ac 2.400,00 aufrundete, an die Christkindl-Aktion der O\u00d6 Nachrichten.<br \/>\n<b>Wem wird geholfen?<\/b> Seit 1964 unterst\u00fctzen die Ober\u00f6sterreichischen Nachrichten mit ihrer Sozialaktion Christkindl Landsleute, die unverschuldet in Not geraten sind. Kinder, die Vater oder Mutter verloren haben. Menschen mit Beeintr\u00e4chtigung. Menschen, die mit schweren oder unheilbaren Erkrankungen zu k\u00e4mpfen haben. Alle diese Menschen sind in Ober\u00f6sterreich zuhause. Denn den Ober\u00f6sterreichischen Nachrichten ist es ein besonderes Anliegen, daheim zu helfen. <a href=\"http:\/\/www.nachrichten.at\/oberoesterreich\/christkindl\/\">http:\/\/www.nachrichten.at\/oberoesterreich\/christkindl\/<\/a><br \/>\nDie Feuerwehr Oepping bedankt sich bei allen Spendern f\u00fcr die tolle Unterst\u00fctzung.<br \/>\n<a href=\"http:\/\/www.ff-oepping.at\/cms\/wp-content\/uploads\/2013\/03\/2011_friedenslicht1.jpg\" data-rel=\"lightbox-gallery-ix6CZWom\" data-rl_title=\"\" data-rl_caption=\"\" title=\"\"><img loading=\"lazy\" decoding=\"async\" class=\"alignnone size-full wp-image-2595\" alt=\"2011_friedenslicht1\" src=\"http:\/\/www.ff-oepping.at\/cms\/wp-content\/uploads\/2013\/03\/2011_friedenslicht1.jpg\" width=\"550\" height=\"367\" srcset=\"https:\/\/www.ff-oepping.at\/cms\/wp-content\/uploads\/2013\/03\/2011_friedenslicht1.jpg 550w, https:\/\/www.ff-oepping.at\/cms\/wp-content\/uploads\/2013\/03\/2011_friedenslicht1-300x200.jpg 300w\" sizes=\"auto, (max-width: 550px) 100vw, 550px\" \/><\/a><\/p>\n","protected":false},"excerpt":{"rendered":"<p>Einmal mehr sammelte die Feuerwehrjugend im Zuge der Friedenlichtaktion f\u00fcr einen guten Zweck. Diesmal geht der Sammelerl\u00f6s von \u20ac 2.378, den die Feuerwehr auf \u20ac 2.400,00 aufrundete, an die Christkindl-Aktion&hellip;<\/p>\n","protected":false},"author":4,"featured_media":2595,"comment_status":"closed","ping_status":"closed","sticky":false,"template":"","format":"standard","meta":{"footnotes":""},"categories":[21],"tags":[],"class_list":["post-2594","post","type-post","status-publish","format-standard","has-post-thumbnail","hentry","category-jugend"],"views":1104,"wps_subtitle":"","_links":{"self":[{"href":"https:\/\/www.ff-oepping.at\/cms\/wp-json\/wp\/v2\/posts\/2594","targetHints":{"allow":["GET"]}}],"collection":[{"href":"https:\/\/www.ff-oepping.at\/cms\/wp-json\/wp\/v2\/posts"}],"about":[{"href":"https:\/\/www.ff-oepping.at\/cms\/wp-json\/wp\/v2\/types\/post"}],"author":[{"embeddable":true,"href":"https:\/\/www.ff-oepping.at\/cms\/wp-json\/wp\/v2\/users\/4"}],"replies":[{"embeddable":true,"href":"https:\/\/www.ff-oepping.at\/cms\/wp-json\/wp\/v2\/comments?post=2594"}],"version-history":[{"count":0,"href":"https:\/\/www.ff-oepping.at\/cms\/wp-json\/wp\/v2\/posts\/2594\/revisions"}],"wp:featuredmedia":[{"embeddable":true,"href":"https:\/\/www.ff-oepping.at\/cms\/wp-json\/wp\/v2\/media\/2595"}],"wp:attachment":[{"href":"https:\/\/www.ff-oepping.at\/cms\/wp-json\/wp\/v2\/media?parent=2594"}],"wp:term":[{"taxonomy":"category","embeddable":true,"href":"https:\/\/www.ff-oepping.at\/cms\/wp-json\/wp\/v2\/categories?post=2594"},{"taxonomy":"post_tag","embeddable":true,"href":"https:\/\/www.ff-oepping.at\/cms\/wp-json\/wp\/v2\/tags?post=2594"}],"curies":[{"name":"wp","href":"https:\/\/api.w.org\/{rel}","templated":true}]}}