{"id":3318,"date":"2013-06-26T08:18:12","date_gmt":"2013-06-26T06:18:12","guid":{"rendered":"http:\/\/www.ff-oepping.at\/wp\/?p=3318"},"modified":"2013-06-26T08:18:12","modified_gmt":"2013-06-26T06:18:12","slug":"neuzugange-bei-der-jugend","status":"publish","type":"post","link":"https:\/\/www.ff-oepping.at\/cms\/jugend\/neuzugange-bei-der-jugend\/","title":{"rendered":"Neuzug\u00e4nge bei der Jugend"},"content":{"rendered":"<p>Im Fr\u00fchjahr haben wir uns besonders bem\u00fcht, wieder Neuzug\u00e4nge f\u00fcr die Jugend zu bekommen und diese Bem\u00fchungen sind nicht erfolglos gewesen. So konnten wir bis jetzt 9 Neuzug\u00e4nge verzeichnen.<br \/>\n<a href=\"http:\/\/www.ff-oepping.at\/cms\/wp-content\/uploads\/2013\/06\/2013_Ju_Neuzug_nge_2.jpg\" data-rel=\"lightbox-gallery-D5y6n69r\" data-rl_title=\"\" data-rl_caption=\"\" title=\"\"><img loading=\"lazy\" decoding=\"async\" class=\"alignnone size-medium wp-image-3319\" alt=\"2013_Ju_Neuzug_nge_2\" src=\"http:\/\/www.ff-oepping.at\/cms\/wp-content\/uploads\/2013\/06\/2013_Ju_Neuzug_nge_2-300x291.jpg\" width=\"300\" height=\"291\" \/><\/a><br \/>\noben: Mandl Thomas;<br \/>\nvorne: Gabriel Sonja, Gabriel Magdalena, Naderhirn Florian, Peinbauer Philipp u. Oberpeilsteiner David<br \/>\n&nbsp;<br \/>\nsowie<br \/>\n<a href=\"http:\/\/www.ff-oepping.at\/cms\/wp-content\/uploads\/2013\/06\/2013_Ju_Neuzug_nge_3.jpg\" data-rel=\"lightbox-gallery-D5y6n69r\" data-rl_title=\"\" data-rl_caption=\"\" title=\"\"><img loading=\"lazy\" decoding=\"async\" class=\"alignnone size-medium wp-image-3320\" alt=\"2013_Ju_Neuzug_nge_3\" src=\"http:\/\/www.ff-oepping.at\/cms\/wp-content\/uploads\/2013\/06\/2013_Ju_Neuzug_nge_3-300x133.jpg\" width=\"300\" height=\"133\" \/><\/a><br \/>\nAuberger Marcel, Auberger Niklas, Zach Lukas<br \/>\n&nbsp;<br \/>\nBetreut wird die neue Jugendgruppe von unserem Betreuerteam<br \/>\n<a href=\"http:\/\/www.ff-oepping.at\/cms\/wp-content\/uploads\/2013\/06\/2013_Ju_Jugendbetreuerteam1.jpg\" data-rel=\"lightbox-gallery-D5y6n69r\" data-rl_title=\"\" data-rl_caption=\"\" title=\"\"><img loading=\"lazy\" decoding=\"async\" class=\"alignnone size-medium wp-image-3321\" alt=\"2013_Ju_Jugendbetreuerteam1\" src=\"http:\/\/www.ff-oepping.at\/cms\/wp-content\/uploads\/2013\/06\/2013_Ju_Jugendbetreuerteam1-300x213.jpg\" width=\"300\" height=\"213\" srcset=\"https:\/\/www.ff-oepping.at\/cms\/wp-content\/uploads\/2013\/06\/2013_Ju_Jugendbetreuerteam1-300x213.jpg 300w, https:\/\/www.ff-oepping.at\/cms\/wp-content\/uploads\/2013\/06\/2013_Ju_Jugendbetreuerteam1.jpg 500w\" sizes=\"auto, (max-width: 300px) 100vw, 300px\" \/><\/a><br \/>\nSchaubmayr Tanja, Gabriel Martin, Mandl Madeleine, Schwarz Andreas und H\u00f6fler Tanja<\/p>\n","protected":false},"excerpt":{"rendered":"<p>Im Fr\u00fchjahr haben wir uns besonders bem\u00fcht, wieder Neuzug\u00e4nge f\u00fcr die Jugend zu bekommen und diese Bem\u00fchungen sind nicht erfolglos gewesen. So konnten wir bis jetzt 9 Neuzug\u00e4nge verzeichnen. oben:&hellip;<\/p>\n","protected":false},"author":2,"featured_media":3319,"comment_status":"closed","ping_status":"closed","sticky":false,"template":"","format":"standard","meta":{"footnotes":""},"categories":[21],"tags":[],"class_list":["post-3318","post","type-post","status-publish","format-standard","has-post-thumbnail","hentry","category-jugend"],"views":1663,"wps_subtitle":"","_links":{"self":[{"href":"https:\/\/www.ff-oepping.at\/cms\/wp-json\/wp\/v2\/posts\/3318","targetHints":{"allow":["GET"]}}],"collection":[{"href":"https:\/\/www.ff-oepping.at\/cms\/wp-json\/wp\/v2\/posts"}],"about":[{"href":"https:\/\/www.ff-oepping.at\/cms\/wp-json\/wp\/v2\/types\/post"}],"author":[{"embeddable":true,"href":"https:\/\/www.ff-oepping.at\/cms\/wp-json\/wp\/v2\/users\/2"}],"replies":[{"embeddable":true,"href":"https:\/\/www.ff-oepping.at\/cms\/wp-json\/wp\/v2\/comments?post=3318"}],"version-history":[{"count":0,"href":"https:\/\/www.ff-oepping.at\/cms\/wp-json\/wp\/v2\/posts\/3318\/revisions"}],"wp:featuredmedia":[{"embeddable":true,"href":"https:\/\/www.ff-oepping.at\/cms\/wp-json\/wp\/v2\/media\/3319"}],"wp:attachment":[{"href":"https:\/\/www.ff-oepping.at\/cms\/wp-json\/wp\/v2\/media?parent=3318"}],"wp:term":[{"taxonomy":"category","embeddable":true,"href":"https:\/\/www.ff-oepping.at\/cms\/wp-json\/wp\/v2\/categories?post=3318"},{"taxonomy":"post_tag","embeddable":true,"href":"https:\/\/www.ff-oepping.at\/cms\/wp-json\/wp\/v2\/tags?post=3318"}],"curies":[{"name":"wp","href":"https:\/\/api.w.org\/{rel}","templated":true}]}}