{"id":3369,"date":"2013-07-24T11:02:17","date_gmt":"2013-07-24T09:02:17","guid":{"rendered":"http:\/\/www.ff-oepping.at\/wp\/?p=3369"},"modified":"2013-07-24T11:02:17","modified_gmt":"2013-07-24T09:02:17","slug":"jugendlager-am-badesee-in-klaffer-2","status":"publish","type":"post","link":"https:\/\/www.ff-oepping.at\/cms\/jugend\/jugendlager-am-badesee-in-klaffer-2\/","title":{"rendered":"Jugendlager am Badesee in Klaffer"},"content":{"rendered":"<p>Unsere Feuerwehrjunged schlug am Badesee in Klaffer am Hochficht die Zelte auf und an allen 3 Tagen herrschte traumhaftes Wetter. Am Freitag stand vor allem der Zeltaufbau am Programm. Nat\u00fcrlich gings zur Abk\u00fchlung auch noch in den See. Zum Abendessen gabs Pizza beim Seewirt.<br \/>\n<a href=\"http:\/\/www.ff-oepping.at\/cms\/wp-content\/uploads\/2013\/07\/2013_Julager_1.jpg\" data-rel=\"lightbox-gallery-wHdOgJF1\" data-rl_title=\"\" data-rl_caption=\"\" title=\"\"><img loading=\"lazy\" decoding=\"async\" class=\"alignnone size-thumbnail wp-image-3370\" alt=\"2013_Julager_1\" src=\"http:\/\/www.ff-oepping.at\/cms\/wp-content\/uploads\/2013\/07\/2013_Julager_1-150x150.jpg\" width=\"150\" height=\"150\" \/><\/a> <a href=\"http:\/\/www.ff-oepping.at\/cms\/wp-content\/uploads\/2013\/07\/2013_Julager_2.jpg\" data-rel=\"lightbox-gallery-wHdOgJF1\" data-rl_title=\"\" data-rl_caption=\"\" title=\"\"><img loading=\"lazy\" decoding=\"async\" class=\"alignnone size-thumbnail wp-image-3371\" alt=\"2013_Julager_2\" src=\"http:\/\/www.ff-oepping.at\/cms\/wp-content\/uploads\/2013\/07\/2013_Julager_2-150x150.jpg\" width=\"150\" height=\"150\" \/><\/a> <a href=\"http:\/\/www.ff-oepping.at\/cms\/wp-content\/uploads\/2013\/07\/2013_Julager_3.jpg\" data-rel=\"lightbox-gallery-wHdOgJF1\" data-rl_title=\"\" data-rl_caption=\"\" title=\"\"><img loading=\"lazy\" decoding=\"async\" class=\"alignnone size-thumbnail wp-image-3372\" alt=\"2013_Julager_3\" src=\"http:\/\/www.ff-oepping.at\/cms\/wp-content\/uploads\/2013\/07\/2013_Julager_3-150x150.jpg\" width=\"150\" height=\"150\" \/><\/a><br \/>\nDer Samstag startete mit einer Abk\u00fchlung im See. Zu Mittag ging es dann hinauf zum Hochficht, wo die Jugend von der Baustelle des Schirestaurants bis zur \u00dcberlebensh\u00fctte wanderte. Hier traf man auch Kommandant Reischl Helmut und seine Frau Andrea sowie Reischl G\u00fcnter, die mit dem Mountain-Bike zur \u00dcberlebensh\u00fctte am Reischlberg gekommen sind.<br \/>\nNach der R\u00fcckkehr am Badesee, gings sofort wieder ins k\u00fchle Nass. Am Abend stand noch Knackerbraten am Programm.<br \/>\n<a href=\"http:\/\/www.ff-oepping.at\/cms\/wp-content\/uploads\/2013\/07\/2013_Julager_4.jpg\" data-rel=\"lightbox-gallery-wHdOgJF1\" data-rl_title=\"\" data-rl_caption=\"\" title=\"\"><img loading=\"lazy\" decoding=\"async\" class=\"alignnone size-thumbnail wp-image-3373\" alt=\"2013_Julager_4\" src=\"http:\/\/www.ff-oepping.at\/cms\/wp-content\/uploads\/2013\/07\/2013_Julager_4-150x150.jpg\" width=\"150\" height=\"150\" \/><\/a> <a href=\"http:\/\/www.ff-oepping.at\/cms\/wp-content\/uploads\/2013\/07\/2013_Julager_5.jpg\" data-rel=\"lightbox-gallery-wHdOgJF1\" data-rl_title=\"\" data-rl_caption=\"\" title=\"\"><img loading=\"lazy\" decoding=\"async\" class=\"alignnone size-thumbnail wp-image-3374\" alt=\"2013_Julager_5\" src=\"http:\/\/www.ff-oepping.at\/cms\/wp-content\/uploads\/2013\/07\/2013_Julager_5-150x150.jpg\" width=\"150\" height=\"150\" \/><\/a> <a href=\"http:\/\/www.ff-oepping.at\/cms\/wp-content\/uploads\/2013\/07\/2013_Julager_6.jpg\" data-rel=\"lightbox-gallery-wHdOgJF1\" data-rl_title=\"\" data-rl_caption=\"\" title=\"\"><img loading=\"lazy\" decoding=\"async\" class=\"alignnone size-thumbnail wp-image-3375\" alt=\"2013_Julager_6\" src=\"http:\/\/www.ff-oepping.at\/cms\/wp-content\/uploads\/2013\/07\/2013_Julager_6-150x150.jpg\" width=\"150\" height=\"150\" \/><\/a> <a href=\"http:\/\/www.ff-oepping.at\/cms\/wp-content\/uploads\/2013\/07\/2013_Julager_7.jpg\" data-rel=\"lightbox-gallery-wHdOgJF1\" data-rl_title=\"\" data-rl_caption=\"\" title=\"\"><img loading=\"lazy\" decoding=\"async\" class=\"alignnone size-thumbnail wp-image-3376\" alt=\"2013_Julager_7\" src=\"http:\/\/www.ff-oepping.at\/cms\/wp-content\/uploads\/2013\/07\/2013_Julager_7-150x150.jpg\" width=\"150\" height=\"150\" \/><\/a> <a href=\"http:\/\/www.ff-oepping.at\/cms\/wp-content\/uploads\/2013\/07\/2013_Julager_8.jpg\" data-rel=\"lightbox-gallery-wHdOgJF1\" data-rl_title=\"\" data-rl_caption=\"\" title=\"\"><img loading=\"lazy\" decoding=\"async\" class=\"alignnone size-thumbnail wp-image-3377\" alt=\"2013_Julager_8\" src=\"http:\/\/www.ff-oepping.at\/cms\/wp-content\/uploads\/2013\/07\/2013_Julager_8-150x150.jpg\" width=\"150\" height=\"150\" \/><\/a> <a href=\"http:\/\/www.ff-oepping.at\/cms\/wp-content\/uploads\/2013\/07\/2013_Julager_9.jpg\" data-rel=\"lightbox-gallery-wHdOgJF1\" data-rl_title=\"\" data-rl_caption=\"\" title=\"\"><img loading=\"lazy\" decoding=\"async\" class=\"alignnone size-thumbnail wp-image-3378\" alt=\"2013_Julager_9\" src=\"http:\/\/www.ff-oepping.at\/cms\/wp-content\/uploads\/2013\/07\/2013_Julager_9-150x150.jpg\" width=\"150\" height=\"150\" \/><\/a><br \/>\nDer Sonntag war mit Zeltabbau und nat\u00fcrlich einem kurzen Sprung ins Wasser verplant.<br \/>\n<a href=\"http:\/\/www.ff-oepping.at\/cms\/wp-content\/uploads\/2013\/07\/2013_Julager_10.jpg\" data-rel=\"lightbox-gallery-wHdOgJF1\" data-rl_title=\"\" data-rl_caption=\"\" title=\"\"><img loading=\"lazy\" decoding=\"async\" class=\"alignnone size-thumbnail wp-image-3379\" alt=\"2013_Julager_10\" src=\"http:\/\/www.ff-oepping.at\/cms\/wp-content\/uploads\/2013\/07\/2013_Julager_10-150x150.jpg\" width=\"150\" height=\"150\" \/><\/a><\/p>\n","protected":false},"excerpt":{"rendered":"<p>Unsere Feuerwehrjunged schlug am Badesee in Klaffer am Hochficht die Zelte auf und an allen 3 Tagen herrschte traumhaftes Wetter. Am Freitag stand vor allem der Zeltaufbau am Programm. Nat\u00fcrlich&hellip;<\/p>\n","protected":false},"author":2,"featured_media":3382,"comment_status":"closed","ping_status":"closed","sticky":false,"template":"","format":"standard","meta":{"footnotes":""},"categories":[21],"tags":[],"class_list":["post-3369","post","type-post","status-publish","format-standard","has-post-thumbnail","hentry","category-jugend"],"views":1536,"wps_subtitle":"","_links":{"self":[{"href":"https:\/\/www.ff-oepping.at\/cms\/wp-json\/wp\/v2\/posts\/3369","targetHints":{"allow":["GET"]}}],"collection":[{"href":"https:\/\/www.ff-oepping.at\/cms\/wp-json\/wp\/v2\/posts"}],"about":[{"href":"https:\/\/www.ff-oepping.at\/cms\/wp-json\/wp\/v2\/types\/post"}],"author":[{"embeddable":true,"href":"https:\/\/www.ff-oepping.at\/cms\/wp-json\/wp\/v2\/users\/2"}],"replies":[{"embeddable":true,"href":"https:\/\/www.ff-oepping.at\/cms\/wp-json\/wp\/v2\/comments?post=3369"}],"version-history":[{"count":0,"href":"https:\/\/www.ff-oepping.at\/cms\/wp-json\/wp\/v2\/posts\/3369\/revisions"}],"wp:featuredmedia":[{"embeddable":true,"href":"https:\/\/www.ff-oepping.at\/cms\/wp-json\/wp\/v2\/media\/3382"}],"wp:attachment":[{"href":"https:\/\/www.ff-oepping.at\/cms\/wp-json\/wp\/v2\/media?parent=3369"}],"wp:term":[{"taxonomy":"category","embeddable":true,"href":"https:\/\/www.ff-oepping.at\/cms\/wp-json\/wp\/v2\/categories?post=3369"},{"taxonomy":"post_tag","embeddable":true,"href":"https:\/\/www.ff-oepping.at\/cms\/wp-json\/wp\/v2\/tags?post=3369"}],"curies":[{"name":"wp","href":"https:\/\/api.w.org\/{rel}","templated":true}]}}