{"id":3579,"date":"2003-05-01T21:06:33","date_gmt":"2003-05-01T19:06:33","guid":{"rendered":"http:\/\/www.ff-oepping.at\/wp\/?p=3579"},"modified":"2003-05-01T21:06:33","modified_gmt":"2003-05-01T19:06:33","slug":"fruehjahrsuebung-der-feuerwehr-goetzendorf","status":"publish","type":"post","link":"https:\/\/www.ff-oepping.at\/cms\/die-feuerwehr\/fruehjahrsuebung-der-feuerwehr-goetzendorf\/","title":{"rendered":"Fr\u00fchjahrs\u00fcbung der Feuerwehr G\u00f6tzendorf"},"content":{"rendered":"<p>Am 1. Mai wurden um 13.00 Uhr die Feuerwehren Rohrbach, Sprinzenstein und Oepping von der Feuerwehr G\u00f6tzendorf alarmiert. \u00dcbungsannahme war ein Waldbrand in einem Waldst\u00fcck in der N\u00e4he der Schafflm\u00fchle. Im Zuge des Einsatzes wurde eine Personensuche veranlasst. Das Waldst\u00fcck wurde systematisch nach drei vermissten Personen durchsucht, welche relativ rasch gefunden werden konnten.<br \/>\nEinsatzleiter Siegfried Kandlbinder bedankte sich abschliessend f\u00fcr die zahlreiche Beteiligung mit einem kleinen Imbiss im Gasthaus Hammerschmiede.<br \/>\nDie Feuerwehr Oepping war mit 8 Mann im Einsatz.<br \/>\n<a href=\"http:\/\/www.ff-oepping.at\/cms\/wp-content\/uploads\/2013\/12\/Fruehjahrsuebung2003.jpg\" data-rel=\"lightbox-gallery-eWIf0rb6\" data-rl_title=\"\" data-rl_caption=\"\" title=\"\"><img loading=\"lazy\" decoding=\"async\" width=\"300\" height=\"225\" class=\"alignnone size-medium wp-image-3580\" alt=\"OLYMPUS DIGITAL CAMERA\" src=\"http:\/\/www.ff-oepping.at\/cms\/wp-content\/uploads\/2013\/12\/Fruehjahrsuebung2003-300x225.jpg\" srcset=\"https:\/\/www.ff-oepping.at\/cms\/wp-content\/uploads\/2013\/12\/Fruehjahrsuebung2003-300x225.jpg 300w, https:\/\/www.ff-oepping.at\/cms\/wp-content\/uploads\/2013\/12\/Fruehjahrsuebung2003.jpg 480w\" sizes=\"auto, (max-width: 300px) 100vw, 300px\" \/><\/a><\/p>\n","protected":false},"excerpt":{"rendered":"<p>Am 1. Mai wurden um 13.00 Uhr die Feuerwehren Rohrbach, Sprinzenstein und Oepping von der Feuerwehr G\u00f6tzendorf alarmiert. \u00dcbungsannahme war ein Waldbrand in einem Waldst\u00fcck in der N\u00e4he der Schafflm\u00fchle.&hellip;<\/p>\n","protected":false},"author":5,"featured_media":3580,"comment_status":"closed","ping_status":"closed","sticky":false,"template":"","format":"standard","meta":{"footnotes":""},"categories":[4,38],"tags":[],"class_list":["post-3579","post","type-post","status-publish","format-standard","has-post-thumbnail","hentry","category-die-feuerwehr","category-ubungen"],"views":1172,"wps_subtitle":"","_links":{"self":[{"href":"https:\/\/www.ff-oepping.at\/cms\/wp-json\/wp\/v2\/posts\/3579","targetHints":{"allow":["GET"]}}],"collection":[{"href":"https:\/\/www.ff-oepping.at\/cms\/wp-json\/wp\/v2\/posts"}],"about":[{"href":"https:\/\/www.ff-oepping.at\/cms\/wp-json\/wp\/v2\/types\/post"}],"author":[{"embeddable":true,"href":"https:\/\/www.ff-oepping.at\/cms\/wp-json\/wp\/v2\/users\/5"}],"replies":[{"embeddable":true,"href":"https:\/\/www.ff-oepping.at\/cms\/wp-json\/wp\/v2\/comments?post=3579"}],"version-history":[{"count":0,"href":"https:\/\/www.ff-oepping.at\/cms\/wp-json\/wp\/v2\/posts\/3579\/revisions"}],"wp:featuredmedia":[{"embeddable":true,"href":"https:\/\/www.ff-oepping.at\/cms\/wp-json\/wp\/v2\/media\/3580"}],"wp:attachment":[{"href":"https:\/\/www.ff-oepping.at\/cms\/wp-json\/wp\/v2\/media?parent=3579"}],"wp:term":[{"taxonomy":"category","embeddable":true,"href":"https:\/\/www.ff-oepping.at\/cms\/wp-json\/wp\/v2\/categories?post=3579"},{"taxonomy":"post_tag","embeddable":true,"href":"https:\/\/www.ff-oepping.at\/cms\/wp-json\/wp\/v2\/tags?post=3579"}],"curies":[{"name":"wp","href":"https:\/\/api.w.org\/{rel}","templated":true}]}}