{"id":4975,"date":"2014-09-25T17:03:47","date_gmt":"2014-09-25T15:03:47","guid":{"rendered":"http:\/\/www.ff-oepping.at\/wp\/?p=4975"},"modified":"2024-11-23T13:54:44","modified_gmt":"2024-11-23T12:54:44","slug":"spatenstich-fuer-neues-feuerwehrhaus","status":"publish","type":"post","link":"https:\/\/www.ff-oepping.at\/cms\/feuerwehrhausbau\/spatenstich-fuer-neues-feuerwehrhaus\/","title":{"rendered":"Spatenstich f\u00fcr neues Feuerwehrhaus"},"content":{"rendered":"<p>Endlich ist es soweit. Mit einem feierlichen Spatenstich beginnen nun die Bauarbeiten f\u00fcr unser neues Feuerwehrhaus. Bereits in den Jahren 2004 bzw. 2005 wurden erste Gespr\u00e4che \u00fcber einen neuen Zeughausbau gef\u00fchrt und Ende 2008 gab es auch schon konkrete Planungen. Dann kam leider die Wirtschaftskrise dazwischen und das Vorhaben musste auf unbestimmte Zeit verschoben werden. Nachdem sich die Wirtschaft wieder etwas erholt hatte, konnten auch wir im Jahre 2013 wieder mit den Planungen beginnen und auch die erforderliche Zusage des Landes f\u00fcr die Finanzierung erreichen. Bedingung des Landes war, dass nicht die Gemeinde sondern die Feuerwehr als Bauherr das Bauvorhaben verwirklicht. So hat die Feuerwehr bereits die Arbeiten f\u00fcr den Rohbauabschnitt an die Arbeitsgemeinschaft der Firma Weber Bau GmbH, Rohrbach und an die Oeppinger Firma H\u00f6fler-Bau vergeben. Zur Spatenstichfeier konnte unser Kommandant auch viel Prominenz begr\u00fc\u00dfen.<br \/>\n(Foto: Fellhofer Thomas)<br \/>\n<a href=\"http:\/\/www.ff-oepping.at\/cms\/wp-content\/uploads\/2014\/09\/2014_Spatenstich1.jpg\" data-rel=\"lightbox-gallery-vVtqyvhI\" data-rl_title=\"\" data-rl_caption=\"\" title=\"\"><img loading=\"lazy\" decoding=\"async\" width=\"300\" height=\"200\" class=\"alignnone size-medium wp-image-4997\" src=\"http:\/\/www.ff-oepping.at\/cms\/wp-content\/uploads\/2014\/09\/2014_Spatenstich1-300x200.jpg\" alt=\"2014_Spatenstich1\" srcset=\"https:\/\/www.ff-oepping.at\/cms\/wp-content\/uploads\/2014\/09\/2014_Spatenstich1-300x200.jpg 300w, https:\/\/www.ff-oepping.at\/cms\/wp-content\/uploads\/2014\/09\/2014_Spatenstich1-1024x683.jpg 1024w, https:\/\/www.ff-oepping.at\/cms\/wp-content\/uploads\/2014\/09\/2014_Spatenstich1-768x512.jpg 768w, https:\/\/www.ff-oepping.at\/cms\/wp-content\/uploads\/2014\/09\/2014_Spatenstich1.jpg 1200w\" sizes=\"auto, (max-width: 300px) 100vw, 300px\" \/><\/a><br \/>\nv.l.n.r.: Architekt DI. Rainer Habringer, Amtsleiter G\u00fcnther Hofer, BKDT. Josef Br\u00f6derbauer, KDT. Helmut Reischl, KDTStv. Stefan Spindlbalker, AKDT. Josef \u00d6ller, GV Johannes Haselgruber, LAbg. Georg Ecker, VizeBgm. Peter Arnreiter, Bgm. Willi Peinbauer, GV Reinhold Fellhofer, Baumeister Ing. Hanspeter Haider u. Ing. Andreas Kitzberger von der Fa. Weber Bau GmbH. und Herbert H\u00f6fler (H\u00f6fler-Bau)<br \/>\n<a href=\"http:\/\/www.ff-oepping.at\/cms\/wp-content\/uploads\/2014\/09\/2014_Spatenstich3.jpg\" data-rel=\"lightbox-gallery-vVtqyvhI\" data-rl_title=\"\" data-rl_caption=\"\" title=\"\"><img loading=\"lazy\" decoding=\"async\" width=\"300\" height=\"200\" class=\"alignnone size-medium wp-image-4999\" src=\"http:\/\/www.ff-oepping.at\/cms\/wp-content\/uploads\/2014\/09\/2014_Spatenstich3-300x200.jpg\" alt=\"2014_Spatenstich3\" srcset=\"https:\/\/www.ff-oepping.at\/cms\/wp-content\/uploads\/2014\/09\/2014_Spatenstich3-300x200.jpg 300w, https:\/\/www.ff-oepping.at\/cms\/wp-content\/uploads\/2014\/09\/2014_Spatenstich3-768x512.jpg 768w, https:\/\/www.ff-oepping.at\/cms\/wp-content\/uploads\/2014\/09\/2014_Spatenstich3.jpg 1000w\" sizes=\"auto, (max-width: 300px) 100vw, 300px\" \/><\/a> <a href=\"http:\/\/www.ff-oepping.at\/cms\/wp-content\/uploads\/2014\/09\/2014_Spatenstich2.jpg\" data-rel=\"lightbox-gallery-vVtqyvhI\" data-rl_title=\"\" data-rl_caption=\"\" title=\"\"><img loading=\"lazy\" decoding=\"async\" width=\"300\" height=\"200\" class=\"alignnone size-medium wp-image-4998\" src=\"http:\/\/www.ff-oepping.at\/cms\/wp-content\/uploads\/2014\/09\/2014_Spatenstich2-300x200.jpg\" alt=\"2014_Spatenstich2\" srcset=\"https:\/\/www.ff-oepping.at\/cms\/wp-content\/uploads\/2014\/09\/2014_Spatenstich2-300x200.jpg 300w, https:\/\/www.ff-oepping.at\/cms\/wp-content\/uploads\/2014\/09\/2014_Spatenstich2-768x512.jpg 768w, https:\/\/www.ff-oepping.at\/cms\/wp-content\/uploads\/2014\/09\/2014_Spatenstich2.jpg 1000w\" sizes=\"auto, (max-width: 300px) 100vw, 300px\" \/><\/a><a href=\"http:\/\/www.ff-oepping.at\/cms\/wp-content\/uploads\/2014\/09\/2014_PlanSkizze_2.jpg\" data-rel=\"lightbox-gallery-vVtqyvhI\" data-rl_title=\"\" data-rl_caption=\"\" title=\"\"><img loading=\"lazy\" decoding=\"async\" width=\"300\" height=\"121\" class=\"alignnone size-medium wp-image-4995\" src=\"http:\/\/www.ff-oepping.at\/cms\/wp-content\/uploads\/2014\/09\/2014_PlanSkizze_2-300x121.jpg\" alt=\"2014_PlanSkizze_2\" srcset=\"https:\/\/www.ff-oepping.at\/cms\/wp-content\/uploads\/2014\/09\/2014_PlanSkizze_2-300x121.jpg 300w, https:\/\/www.ff-oepping.at\/cms\/wp-content\/uploads\/2014\/09\/2014_PlanSkizze_2-768x310.jpg 768w, https:\/\/www.ff-oepping.at\/cms\/wp-content\/uploads\/2014\/09\/2014_PlanSkizze_2.jpg 1000w\" sizes=\"auto, (max-width: 300px) 100vw, 300px\" \/><\/a> <a href=\"http:\/\/www.ff-oepping.at\/cms\/wp-content\/uploads\/2014\/09\/2014_PlanSkizze_1.jpg\" data-rel=\"lightbox-gallery-vVtqyvhI\" data-rl_title=\"\" data-rl_caption=\"\" title=\"\"><img loading=\"lazy\" decoding=\"async\" width=\"300\" height=\"212\" class=\"alignnone size-medium wp-image-4994\" src=\"http:\/\/www.ff-oepping.at\/cms\/wp-content\/uploads\/2014\/09\/2014_PlanSkizze_1-300x212.jpg\" alt=\"2014_PlanSkizze_1\" srcset=\"https:\/\/www.ff-oepping.at\/cms\/wp-content\/uploads\/2014\/09\/2014_PlanSkizze_1-300x212.jpg 300w, https:\/\/www.ff-oepping.at\/cms\/wp-content\/uploads\/2014\/09\/2014_PlanSkizze_1-768x543.jpg 768w, https:\/\/www.ff-oepping.at\/cms\/wp-content\/uploads\/2014\/09\/2014_PlanSkizze_1.jpg 1000w\" sizes=\"auto, (max-width: 300px) 100vw, 300px\" \/><\/a><\/p>\n","protected":false},"excerpt":{"rendered":"<p>Endlich ist es soweit. Mit einem feierlichen Spatenstich beginnen nun die Bauarbeiten f\u00fcr unser neues Feuerwehrhaus. Bereits in den Jahren 2004 bzw. 2005 wurden erste Gespr\u00e4che \u00fcber einen neuen Zeughausbau&hellip;<\/p>\n","protected":false},"author":2,"featured_media":4996,"comment_status":"closed","ping_status":"closed","sticky":false,"template":"","format":"standard","meta":{"footnotes":""},"categories":[16],"tags":[],"class_list":["post-4975","post","type-post","status-publish","format-standard","has-post-thumbnail","hentry","category-feuerwehrhausbau"],"views":3284,"wps_subtitle":"24.09.2014","_links":{"self":[{"href":"https:\/\/www.ff-oepping.at\/cms\/wp-json\/wp\/v2\/posts\/4975","targetHints":{"allow":["GET"]}}],"collection":[{"href":"https:\/\/www.ff-oepping.at\/cms\/wp-json\/wp\/v2\/posts"}],"about":[{"href":"https:\/\/www.ff-oepping.at\/cms\/wp-json\/wp\/v2\/types\/post"}],"author":[{"embeddable":true,"href":"https:\/\/www.ff-oepping.at\/cms\/wp-json\/wp\/v2\/users\/2"}],"replies":[{"embeddable":true,"href":"https:\/\/www.ff-oepping.at\/cms\/wp-json\/wp\/v2\/comments?post=4975"}],"version-history":[{"count":1,"href":"https:\/\/www.ff-oepping.at\/cms\/wp-json\/wp\/v2\/posts\/4975\/revisions"}],"predecessor-version":[{"id":13546,"href":"https:\/\/www.ff-oepping.at\/cms\/wp-json\/wp\/v2\/posts\/4975\/revisions\/13546"}],"wp:featuredmedia":[{"embeddable":true,"href":"https:\/\/www.ff-oepping.at\/cms\/wp-json\/wp\/v2\/media\/4996"}],"wp:attachment":[{"href":"https:\/\/www.ff-oepping.at\/cms\/wp-json\/wp\/v2\/media?parent=4975"}],"wp:term":[{"taxonomy":"category","embeddable":true,"href":"https:\/\/www.ff-oepping.at\/cms\/wp-json\/wp\/v2\/categories?post=4975"},{"taxonomy":"post_tag","embeddable":true,"href":"https:\/\/www.ff-oepping.at\/cms\/wp-json\/wp\/v2\/tags?post=4975"}],"curies":[{"name":"wp","href":"https:\/\/api.w.org\/{rel}","templated":true}]}}