{"id":513,"date":"2009-07-11T21:22:40","date_gmt":"2009-07-11T19:22:40","guid":{"rendered":"http:\/\/www.ff-oepping.at\/wp\/?p=513"},"modified":"2009-07-11T21:22:40","modified_gmt":"2009-07-11T19:22:40","slug":"landessieg-fur-oeppinger-oldies","status":"publish","type":"post","link":"https:\/\/www.ff-oepping.at\/cms\/die-feuerwehr\/landessieg-fur-oeppinger-oldies\/","title":{"rendered":"Landessieg f\u00fcr Oeppinger Oldies"},"content":{"rendered":"<p><a href=\"http:\/\/www.ff-oepping.at\/cms\/wp-content\/uploads\/2013\/03\/2009_landesbewerb_oldies_1.jpg\" data-rel=\"lightbox-gallery-tSpiUPN1\" data-rl_title=\"\" data-rl_caption=\"\" title=\"\"><img loading=\"lazy\" decoding=\"async\" class=\"alignnone size-full wp-image-516\" alt=\"2009_landesbewerb_oldies_1\" src=\"http:\/\/www.ff-oepping.at\/cms\/wp-content\/uploads\/2013\/03\/2009_landesbewerb_oldies_1.jpg\" width=\"550\" height=\"412\" srcset=\"https:\/\/www.ff-oepping.at\/cms\/wp-content\/uploads\/2013\/03\/2009_landesbewerb_oldies_1.jpg 550w, https:\/\/www.ff-oepping.at\/cms\/wp-content\/uploads\/2013\/03\/2009_landesbewerb_oldies_1-300x225.jpg 300w\" sizes=\"auto, (max-width: 550px) 100vw, 550px\" \/><\/a><br \/>\nv.l.n.r. vorne: M\u00e4rzinger Alois, Lauss Erwin, W\u00f6gerbauer Siegfried; Helmut Reischl, Paul Mayrhofer<br \/>\nhinten: Anzinger Ernst, Anreiter Hermann, Reischl G\u00fcnther, Brandl Franz<br \/>\nBeim Landesbewerb in Ried im Innkreis r\u00e4umten die Oeppinger Oldies ab und nahmen den Landessieg in Silber und den 2. Platz in Bronze in der Klasse B Wertungsgruppe 2 (Sicherheitsbewerb) mit nach Hause.<br \/>\nHerzliche Gratulation!<br \/>\n&nbsp;<br \/>\n<span style=\"color: #000000;\"><strong>Die Jungen Oldies<\/strong><\/span><br \/>\nAber nicht nur die &#8222;Original Oldies&#8220; konnten in den Siegerr\u00e4ngen landen. Die Gruppe um Zeugwart Pr\u00f6ll Andreas erreichte in der gleichen Klasse sowohl in Bronze als auch in Silber den 3. Rang. Auch hier Gratulation<br \/>\n<a href=\"http:\/\/www.ff-oepping.at\/cms\/wp-content\/uploads\/2013\/03\/2009_Bewerb_JungeOldies.jpg\" data-rel=\"lightbox-gallery-tSpiUPN1\" data-rl_title=\"\" data-rl_caption=\"\" title=\"\"><img loading=\"lazy\" decoding=\"async\" class=\"alignnone size-full wp-image-515\" alt=\"2009_Bewerb_JungeOldies\" src=\"http:\/\/www.ff-oepping.at\/cms\/wp-content\/uploads\/2013\/03\/2009_Bewerb_JungeOldies.jpg\" width=\"500\" height=\"375\" srcset=\"https:\/\/www.ff-oepping.at\/cms\/wp-content\/uploads\/2013\/03\/2009_Bewerb_JungeOldies.jpg 500w, https:\/\/www.ff-oepping.at\/cms\/wp-content\/uploads\/2013\/03\/2009_Bewerb_JungeOldies-300x225.jpg 300w\" sizes=\"auto, (max-width: 500px) 100vw, 500px\" \/><\/a><br \/>\nv.l.n.r. vorne: Pr\u00f6ll Andreas, H\u00f6fler Rudolf, Gabriel Markus, Leitner G\u00fcnter<br \/>\nhinten: Kdt. Reischl Helmut, H\u00f6glinger Bernhard(H\u00f6g\u00f6), Anzinger Rudolf, H\u00f6fler Martin, H\u00f6glinger Bernhard, Keinberger Franz und Haselgruber Johannes<br \/>\n<span style=\"font-family: Arial; font-size: small;\">Zu guter letzt schafften auch die \u201eSuper-Oldies\u201c um Bewerbsurgestein Ludwig Eckerstorfer in der Klasse Bronze B WG 2 den 6. Platz. Ein Platz auf dem Stockerl wurde leider durch Fehlerpunkte vergeben.<\/span><br \/>\n<span style=\"font-family: Arial; font-size: small;\">Mit einer weiteren Gruppe im Aktivbewerb und 2 Jugendgruppen waren beim Landesbewerb in Ried mehr als die H\u00e4lfte der Oeppinger Feuerwehrmitglieder aktiv im Einsatz.<\/span><br \/>\n<span style=\"font-family: Arial; font-size: small;\">Besonders erfreulich ist, da\u00df die Feuerwehrm\u00e4nner Gabriel Michael und Schaubmayr Stefan das Feuerwehrleistungsabzeichen in Bronze und Silber in Empfang nehmen durften.<\/span><br \/>\n<a href=\"http:\/\/www.ff-oepping.at\/cms\/wp-content\/uploads\/2013\/03\/2009_Bewerb_FLA-Silber.jpg\" data-rel=\"lightbox-gallery-tSpiUPN1\" data-rl_title=\"\" data-rl_caption=\"\" title=\"\"><img loading=\"lazy\" decoding=\"async\" class=\"alignnone size-full wp-image-514\" alt=\"2009_Bewerb_FLA-Silber\" src=\"http:\/\/www.ff-oepping.at\/cms\/wp-content\/uploads\/2013\/03\/2009_Bewerb_FLA-Silber.jpg\" width=\"250\" height=\"231\" \/><\/a><\/p>\n","protected":false},"excerpt":{"rendered":"<p>v.l.n.r. vorne: M\u00e4rzinger Alois, Lauss Erwin, W\u00f6gerbauer Siegfried; Helmut Reischl, Paul Mayrhofer hinten: Anzinger Ernst, Anreiter Hermann, Reischl G\u00fcnther, Brandl Franz Beim Landesbewerb in Ried im Innkreis r\u00e4umten die Oeppinger&hellip;<\/p>\n","protected":false},"author":1,"featured_media":516,"comment_status":"closed","ping_status":"closed","sticky":false,"template":"","format":"standard","meta":{"footnotes":""},"categories":[45,4],"tags":[],"class_list":["post-513","post","type-post","status-publish","format-standard","has-post-thumbnail","hentry","category-bewerbe","category-die-feuerwehr"],"views":1212,"wps_subtitle":"","_links":{"self":[{"href":"https:\/\/www.ff-oepping.at\/cms\/wp-json\/wp\/v2\/posts\/513","targetHints":{"allow":["GET"]}}],"collection":[{"href":"https:\/\/www.ff-oepping.at\/cms\/wp-json\/wp\/v2\/posts"}],"about":[{"href":"https:\/\/www.ff-oepping.at\/cms\/wp-json\/wp\/v2\/types\/post"}],"author":[{"embeddable":true,"href":"https:\/\/www.ff-oepping.at\/cms\/wp-json\/wp\/v2\/users\/1"}],"replies":[{"embeddable":true,"href":"https:\/\/www.ff-oepping.at\/cms\/wp-json\/wp\/v2\/comments?post=513"}],"version-history":[{"count":0,"href":"https:\/\/www.ff-oepping.at\/cms\/wp-json\/wp\/v2\/posts\/513\/revisions"}],"wp:featuredmedia":[{"embeddable":true,"href":"https:\/\/www.ff-oepping.at\/cms\/wp-json\/wp\/v2\/media\/516"}],"wp:attachment":[{"href":"https:\/\/www.ff-oepping.at\/cms\/wp-json\/wp\/v2\/media?parent=513"}],"wp:term":[{"taxonomy":"category","embeddable":true,"href":"https:\/\/www.ff-oepping.at\/cms\/wp-json\/wp\/v2\/categories?post=513"},{"taxonomy":"post_tag","embeddable":true,"href":"https:\/\/www.ff-oepping.at\/cms\/wp-json\/wp\/v2\/tags?post=513"}],"curies":[{"name":"wp","href":"https:\/\/api.w.org\/{rel}","templated":true}]}}