{"id":5227,"date":"2014-12-29T08:14:42","date_gmt":"2014-12-29T07:14:42","guid":{"rendered":"http:\/\/www.ff-oepping.at\/wp\/?p=5227"},"modified":"2014-12-29T08:14:42","modified_gmt":"2014-12-29T07:14:42","slug":"feuerwehrjugend-verteilt-friedenslicht","status":"publish","type":"post","link":"https:\/\/www.ff-oepping.at\/cms\/jugend\/feuerwehrjugend-verteilt-friedenslicht\/","title":{"rendered":"Feuerwehrjugend verteilt Friedenslicht"},"content":{"rendered":"<p>Bereits j\u00e4hrliche Tradition hat die Verteilung des Friedenslichtes durch die Feuerwehrjugend im Oeppinger Einzugsbereich, wo gleichzeitig f\u00fcr Wohlt\u00e4tige Zwecke gesammelt wird. So wurde dieses Jahr f\u00fcr Reinhard Steidl aus Obergr\u00fcnau gesammelt, der sich nach einem Skiunfall schwerste Kopfverletzungen zuzog und seit dem auf einen Rollstuhl angewiesen ist. Mit dem Spendenerl\u00f6s von ca. 4.000 Euro kann somit der ben\u00f6tigte Plattformtreppenlift mitfinanziert werden.<br \/>\n<a href=\"http:\/\/www.ff-oepping.at\/cms\/wp-content\/uploads\/2014\/12\/2014_12_24_01.jpg\" data-rel=\"lightbox-gallery-4eU42C0w\" data-rl_title=\"\" data-rl_caption=\"\" title=\"\"><img loading=\"lazy\" decoding=\"async\" width=\"300\" height=\"200\" class=\"alignnone size-medium wp-image-5230\" src=\"http:\/\/www.ff-oepping.at\/cms\/wp-content\/uploads\/2014\/12\/2014_12_24_01-300x200.jpg\" alt=\"2014_12_24_01\" srcset=\"https:\/\/www.ff-oepping.at\/cms\/wp-content\/uploads\/2014\/12\/2014_12_24_01-300x200.jpg 300w, https:\/\/www.ff-oepping.at\/cms\/wp-content\/uploads\/2014\/12\/2014_12_24_01-1024x683.jpg 1024w, https:\/\/www.ff-oepping.at\/cms\/wp-content\/uploads\/2014\/12\/2014_12_24_01-768x512.jpg 768w, https:\/\/www.ff-oepping.at\/cms\/wp-content\/uploads\/2014\/12\/2014_12_24_01.jpg 1200w\" sizes=\"auto, (max-width: 300px) 100vw, 300px\" \/><\/a> <a href=\"http:\/\/www.ff-oepping.at\/cms\/wp-content\/uploads\/2014\/12\/2014_12_24_02.jpg\" data-rel=\"lightbox-gallery-4eU42C0w\" data-rl_title=\"\" data-rl_caption=\"\" title=\"\"><img loading=\"lazy\" decoding=\"async\" width=\"300\" height=\"200\" class=\"alignnone size-medium wp-image-5231\" src=\"http:\/\/www.ff-oepping.at\/cms\/wp-content\/uploads\/2014\/12\/2014_12_24_02-300x200.jpg\" alt=\"2014_12_24_02\" srcset=\"https:\/\/www.ff-oepping.at\/cms\/wp-content\/uploads\/2014\/12\/2014_12_24_02-300x200.jpg 300w, https:\/\/www.ff-oepping.at\/cms\/wp-content\/uploads\/2014\/12\/2014_12_24_02-1024x683.jpg 1024w, https:\/\/www.ff-oepping.at\/cms\/wp-content\/uploads\/2014\/12\/2014_12_24_02-768x512.jpg 768w, https:\/\/www.ff-oepping.at\/cms\/wp-content\/uploads\/2014\/12\/2014_12_24_02.jpg 1200w\" sizes=\"auto, (max-width: 300px) 100vw, 300px\" \/><\/a><br \/>\nHerzlichen Dank f\u00fcr die Spenden.<\/p>\n","protected":false},"excerpt":{"rendered":"<p>Bereits j\u00e4hrliche Tradition hat die Verteilung des Friedenslichtes durch die Feuerwehrjugend im Oeppinger Einzugsbereich, wo gleichzeitig f\u00fcr Wohlt\u00e4tige Zwecke gesammelt wird. So wurde dieses Jahr f\u00fcr Reinhard Steidl aus Obergr\u00fcnau&hellip;<\/p>\n","protected":false},"author":5,"featured_media":5229,"comment_status":"closed","ping_status":"closed","sticky":false,"template":"","format":"standard","meta":{"footnotes":""},"categories":[21],"tags":[],"class_list":["post-5227","post","type-post","status-publish","format-standard","has-post-thumbnail","hentry","category-jugend"],"views":1854,"wps_subtitle":"24. Dezember 2014","_links":{"self":[{"href":"https:\/\/www.ff-oepping.at\/cms\/wp-json\/wp\/v2\/posts\/5227","targetHints":{"allow":["GET"]}}],"collection":[{"href":"https:\/\/www.ff-oepping.at\/cms\/wp-json\/wp\/v2\/posts"}],"about":[{"href":"https:\/\/www.ff-oepping.at\/cms\/wp-json\/wp\/v2\/types\/post"}],"author":[{"embeddable":true,"href":"https:\/\/www.ff-oepping.at\/cms\/wp-json\/wp\/v2\/users\/5"}],"replies":[{"embeddable":true,"href":"https:\/\/www.ff-oepping.at\/cms\/wp-json\/wp\/v2\/comments?post=5227"}],"version-history":[{"count":0,"href":"https:\/\/www.ff-oepping.at\/cms\/wp-json\/wp\/v2\/posts\/5227\/revisions"}],"wp:featuredmedia":[{"embeddable":true,"href":"https:\/\/www.ff-oepping.at\/cms\/wp-json\/wp\/v2\/media\/5229"}],"wp:attachment":[{"href":"https:\/\/www.ff-oepping.at\/cms\/wp-json\/wp\/v2\/media?parent=5227"}],"wp:term":[{"taxonomy":"category","embeddable":true,"href":"https:\/\/www.ff-oepping.at\/cms\/wp-json\/wp\/v2\/categories?post=5227"},{"taxonomy":"post_tag","embeddable":true,"href":"https:\/\/www.ff-oepping.at\/cms\/wp-json\/wp\/v2\/tags?post=5227"}],"curies":[{"name":"wp","href":"https:\/\/api.w.org\/{rel}","templated":true}]}}