{"id":527,"date":"2010-07-12T08:18:22","date_gmt":"2010-07-12T06:18:22","guid":{"rendered":"http:\/\/www.ff-oepping.at\/wp\/?p=527"},"modified":"2010-07-12T08:18:22","modified_gmt":"2010-07-12T06:18:22","slug":"7-bewerbsgruppen-beim-landesbewerb-in-attnang-puchheim","status":"publish","type":"post","link":"https:\/\/www.ff-oepping.at\/cms\/die-feuerwehr\/7-bewerbsgruppen-beim-landesbewerb-in-attnang-puchheim\/","title":{"rendered":"7 Bewerbsgruppen beim Landesbewerb in Attnang-Puchheim"},"content":{"rendered":"<p>Gleich 7 Gruppen &#8211; 5 Aktivgruppen und 2 Jugendgruppen &#8211; \u00a0stellen sich beim Landesbewerb in Attnang-Puchheim den Bewertern.<br \/>\n<a href=\"http:\/\/www.ff-oepping.at\/cms\/wp-content\/uploads\/2013\/03\/2010_alleBewerbsgruppen.jpg\" data-rel=\"lightbox-gallery-svGNSEUI\" data-rl_title=\"\" data-rl_caption=\"\" title=\"\"><img loading=\"lazy\" decoding=\"async\" class=\"alignnone size-full wp-image-528\" alt=\"2010_alleBewerbsgruppen\" src=\"http:\/\/www.ff-oepping.at\/cms\/wp-content\/uploads\/2013\/03\/2010_alleBewerbsgruppen.jpg\" width=\"500\" height=\"200\" srcset=\"https:\/\/www.ff-oepping.at\/cms\/wp-content\/uploads\/2013\/03\/2010_alleBewerbsgruppen.jpg 500w, https:\/\/www.ff-oepping.at\/cms\/wp-content\/uploads\/2013\/03\/2010_alleBewerbsgruppen-300x120.jpg 300w\" sizes=\"auto, (max-width: 500px) 100vw, 500px\" \/><\/a><br \/>\n<strong>Vizelandessieg f\u00fcr Oeppinger Oldies<\/strong><br \/>\nAber nicht nur die Quantit\u00e4t war enorm auch die Leistung konnte sich sehen lassen. So holte die Gruppe um Feuerwehrkommandant Reischl Helmut in der Klasse Silber B 2 (mit Alterspunkte) den Vizelandessieg. In Bronze belegte man Platz 3.<br \/>\n<a href=\"http:\/\/www.ff-oepping.at\/cms\/wp-content\/uploads\/2013\/03\/2010_Siegerehrung-Bronze.jpg\" data-rel=\"lightbox-gallery-svGNSEUI\" data-rl_title=\"\" data-rl_caption=\"\" title=\"\"><img loading=\"lazy\" decoding=\"async\" class=\"alignnone size-full wp-image-540\" alt=\"2010_Siegerehrung-Bronze\" src=\"http:\/\/www.ff-oepping.at\/cms\/wp-content\/uploads\/2013\/03\/2010_Siegerehrung-Bronze.jpg\" width=\"250\" height=\"167\" \/><\/a> <a href=\"http:\/\/www.ff-oepping.at\/cms\/wp-content\/uploads\/2013\/03\/2010_Siegerehrung-Silber.jpg\" data-rel=\"lightbox-gallery-svGNSEUI\" data-rl_title=\"\" data-rl_caption=\"\" title=\"\"><img loading=\"lazy\" decoding=\"async\" class=\"alignnone size-full wp-image-541\" alt=\"2010_Siegerehrung-Silber\" src=\"http:\/\/www.ff-oepping.at\/cms\/wp-content\/uploads\/2013\/03\/2010_Siegerehrung-Silber.jpg\" width=\"250\" height=\"167\" \/><\/a><br \/>\n<div id=\"attachment_534\" style=\"width: 410px\" class=\"wp-caption alignnone\"><a href=\"http:\/\/www.ff-oepping.at\/cms\/wp-content\/uploads\/2013\/03\/2010_Oepping2_Oldies.jpg\" data-rel=\"lightbox-gallery-svGNSEUI\" data-rl_title=\"\" data-rl_caption=\"\" title=\"\"><img loading=\"lazy\" decoding=\"async\" aria-describedby=\"caption-attachment-534\" class=\"size-full wp-image-534\" alt=\"2010_Oepping2_Oldies\" src=\"http:\/\/www.ff-oepping.at\/cms\/wp-content\/uploads\/2013\/03\/2010_Oepping2_Oldies.jpg\" width=\"400\" height=\"294\" srcset=\"https:\/\/www.ff-oepping.at\/cms\/wp-content\/uploads\/2013\/03\/2010_Oepping2_Oldies.jpg 400w, https:\/\/www.ff-oepping.at\/cms\/wp-content\/uploads\/2013\/03\/2010_Oepping2_Oldies-300x221.jpg 300w\" sizes=\"auto, (max-width: 400px) 100vw, 400px\" \/><\/a><p id=\"caption-attachment-534\" class=\"wp-caption-text\">Die Vizelandessieger:<br \/>vorne: Lau\u00df Erwin, Reischl G\u00fcnter, Schuster Andreas, Mayrhofer Paul und Kdt. Reischl Helmut<br \/>hinten: Anzinger Ernst, M\u00e4rzinger Alois, W\u00f6gerbauer Siegfried, Anreiter Hermann<\/p><\/div><br \/>\nBewerbsdaten:<br \/>\nBronze Klasse B WG 2: L\u00f6schangriff 47,69 &#8211; Staffellauf 58,82 (3. Platz)<br \/>\nSilber Klasse B WG 2: L\u00f6schangriff 48,82 &#8211; Staffellauf 59,30 (2. Platz)<br \/>\n<strong>Gruppe &#8211; Oepping 1 &#8211; vulgo &#8222;Jungen Oldies&#8220;:<\/strong><br \/>\n<div id=\"attachment_532\" style=\"width: 410px\" class=\"wp-caption alignnone\"><a href=\"http:\/\/www.ff-oepping.at\/cms\/wp-content\/uploads\/2013\/03\/2010_Oepping1_Glax.jpg\" data-rel=\"lightbox-gallery-svGNSEUI\" data-rl_title=\"\" data-rl_caption=\"\" title=\"\"><img loading=\"lazy\" decoding=\"async\" aria-describedby=\"caption-attachment-532\" class=\"size-full wp-image-532\" alt=\"2010_Oepping1_Glax\" src=\"http:\/\/www.ff-oepping.at\/cms\/wp-content\/uploads\/2013\/03\/2010_Oepping1_Glax.jpg\" width=\"400\" height=\"328\" srcset=\"https:\/\/www.ff-oepping.at\/cms\/wp-content\/uploads\/2013\/03\/2010_Oepping1_Glax.jpg 400w, https:\/\/www.ff-oepping.at\/cms\/wp-content\/uploads\/2013\/03\/2010_Oepping1_Glax-300x246.jpg 300w\" sizes=\"auto, (max-width: 400px) 100vw, 400px\" \/><\/a><p id=\"caption-attachment-532\" class=\"wp-caption-text\">vorne: Stockinger Gerald, Gabriel Markus, Schaubmayr Elfriede, H\u00f6fler Rudolf, Haselgruber Johannes<br \/>hinten: Leitner G\u00fcnther, Pr\u00f6ll Andreas, H\u00f6glinger Bernhard und Keinberger Franz<\/p><\/div><br \/>\nBewerbsdaten:<br \/>\nBronze Klasse B WG 2: L\u00f6schangriff 45,14 (20 Schlechtpunkte)\u00a0&#8211; Staffellauf 59,16 (24. Platz)<br \/>\n<strong>Gruppe Super Oldies<\/strong><br \/>\n<div id=\"attachment_537\" style=\"width: 410px\" class=\"wp-caption alignnone\"><a href=\"http:\/\/www.ff-oepping.at\/cms\/wp-content\/uploads\/2013\/03\/2010_Oepping4_SuperOldies.jpg\" data-rel=\"lightbox-gallery-svGNSEUI\" data-rl_title=\"\" data-rl_caption=\"\" title=\"\"><img loading=\"lazy\" decoding=\"async\" aria-describedby=\"caption-attachment-537\" class=\"size-full wp-image-537\" alt=\"2010_Oepping4_SuperOldies\" src=\"http:\/\/www.ff-oepping.at\/cms\/wp-content\/uploads\/2013\/03\/2010_Oepping4_SuperOldies.jpg\" width=\"400\" height=\"222\" srcset=\"https:\/\/www.ff-oepping.at\/cms\/wp-content\/uploads\/2013\/03\/2010_Oepping4_SuperOldies.jpg 400w, https:\/\/www.ff-oepping.at\/cms\/wp-content\/uploads\/2013\/03\/2010_Oepping4_SuperOldies-300x167.jpg 300w\" sizes=\"auto, (max-width: 400px) 100vw, 400px\" \/><\/a><p id=\"caption-attachment-537\" class=\"wp-caption-text\">vorne: Eckerstorfer Ludwig, Barh G\u00fcnther, Peinbauer Franz, Schaubmeier Franz,<br \/>hinten: Anzinger Rudolf (am Bild Ernst), Springer Franz, H\u00f6fler Johann und Kern Josef<\/p><\/div><br \/>\nBronze Klasse B WG 2: L\u00f6schangriff 56,28 &#8211; Staffellauf 66,32 (7. Platz)<br \/>\n<strong>Gruppe Oepping 3 &#8211; Spindlbalker\/Lau\u00df<\/strong><br \/>\n<div id=\"attachment_536\" style=\"width: 410px\" class=\"wp-caption alignnone\"><a href=\"http:\/\/www.ff-oepping.at\/cms\/wp-content\/uploads\/2013\/03\/2010_Oepping3_Praka.jpg\" data-rel=\"lightbox-gallery-svGNSEUI\" data-rl_title=\"\" data-rl_caption=\"\" title=\"\"><img loading=\"lazy\" decoding=\"async\" aria-describedby=\"caption-attachment-536\" class=\"size-full wp-image-536\" alt=\"2010_Oepping3_Praka\" src=\"http:\/\/www.ff-oepping.at\/cms\/wp-content\/uploads\/2013\/03\/2010_Oepping3_Praka.jpg\" width=\"400\" height=\"437\" srcset=\"https:\/\/www.ff-oepping.at\/cms\/wp-content\/uploads\/2013\/03\/2010_Oepping3_Praka.jpg 400w, https:\/\/www.ff-oepping.at\/cms\/wp-content\/uploads\/2013\/03\/2010_Oepping3_Praka-275x300.jpg 275w\" sizes=\"auto, (max-width: 400px) 100vw, 400px\" \/><\/a><p id=\"caption-attachment-536\" class=\"wp-caption-text\">hockend: Stockinger Patrick, Peinbauer Heinz<br \/>stehend vorne: Gabriel Michael, Spindlbalker Stefan, P\u00fcrmayr Andreas und Stockinger Markus<br \/>hinten: Schaubmayr Stefan, Simmel Johannes, Simmel Andreas und Lau\u00df Michael<\/p><\/div><br \/>\nBronze Klasse\u00a0A\u00a0WG 1: L\u00f6schangriff 45,23 &#8211; Staffellauf 54,52 (79. Platz von \u00fcber 330 Gruppen)<br \/>\nSilber Klasse\u00a0A WG 1: L\u00f6schangriff 49,00 &#8211;\u00a0(30 SP) Staffellauf 54,77 (173. Platz)<br \/>\n<strong>Junge Aktivgruppe:<\/strong><br \/>\n<div id=\"attachment_539\" style=\"width: 410px\" class=\"wp-caption alignnone\"><a href=\"http:\/\/www.ff-oepping.at\/cms\/wp-content\/uploads\/2013\/03\/2010_Oepping5_Sonnleitner.jpg\" data-rel=\"lightbox-gallery-svGNSEUI\" data-rl_title=\"\" data-rl_caption=\"\" title=\"\"><img loading=\"lazy\" decoding=\"async\" aria-describedby=\"caption-attachment-539\" class=\"size-full wp-image-539\" alt=\"2010_Oepping5_Sonnleitner\" src=\"http:\/\/www.ff-oepping.at\/cms\/wp-content\/uploads\/2013\/03\/2010_Oepping5_Sonnleitner.jpg\" width=\"400\" height=\"329\" srcset=\"https:\/\/www.ff-oepping.at\/cms\/wp-content\/uploads\/2013\/03\/2010_Oepping5_Sonnleitner.jpg 400w, https:\/\/www.ff-oepping.at\/cms\/wp-content\/uploads\/2013\/03\/2010_Oepping5_Sonnleitner-300x247.jpg 300w\" sizes=\"auto, (max-width: 400px) 100vw, 400px\" \/><\/a><p id=\"caption-attachment-539\" class=\"wp-caption-text\">vorne: H\u00f6glinger Fabian, Leitner Dominik, Bei\u00dfmann Manuel, Gabriel Marco<br \/>hinten: Starlinger Kilian, Sonnleitner Tobias, Mandl Petra, H\u00f6fler Markus und Sonnleitner Dominik<\/p><\/div><br \/>\nBronze Klasse\u00a0A WG 1: L\u00f6schangriff 49,67 (5 SP)\u00a0&#8211; Staffellauf 58,36 (159. Platz)<br \/>\nDie Gruppe erhielt auch das Bronzene Leistungsabzeichen.<br \/>\n<strong>Jugendbewerbsgruppen:<\/strong><br \/>\n<strong>Oepping 1<br \/>\n<\/strong><br \/>\n<div id=\"attachment_533\" style=\"width: 410px\" class=\"wp-caption alignnone\"><a href=\"http:\/\/www.ff-oepping.at\/cms\/wp-content\/uploads\/2013\/03\/2010_Oepping1Jugend.jpg\" data-rel=\"lightbox-gallery-svGNSEUI\" data-rl_title=\"\" data-rl_caption=\"\" title=\"\"><img loading=\"lazy\" decoding=\"async\" aria-describedby=\"caption-attachment-533\" class=\"size-full wp-image-533\" alt=\"2010_Oepping1Jugend\" src=\"http:\/\/www.ff-oepping.at\/cms\/wp-content\/uploads\/2013\/03\/2010_Oepping1Jugend.jpg\" width=\"400\" height=\"274\" srcset=\"https:\/\/www.ff-oepping.at\/cms\/wp-content\/uploads\/2013\/03\/2010_Oepping1Jugend.jpg 400w, https:\/\/www.ff-oepping.at\/cms\/wp-content\/uploads\/2013\/03\/2010_Oepping1Jugend-300x206.jpg 300w\" sizes=\"auto, (max-width: 400px) 100vw, 400px\" \/><\/a><p id=\"caption-attachment-533\" class=\"wp-caption-text\">vorne: Gabriel Lukas, Keinberger Tobias, Mandl Madeleine, H\u00f6fler Tanja, Bei\u00dfmann Michael<br \/>hinten: H\u00f6glinger Manuel, H\u00f6glinger Harald, Schaubmayr Tanja, Schaubmayr Katrin, Keinberger Christoph<\/p><\/div><br \/>\nBewerbsdaten:<br \/>\nBronze: Alter 126 &#8211; Hind.-\u00dcb. 72,00 (20 SP) Staffellauf 89,31 &#8211; Gesamtpunkte 992,69 (442. Platz)<br \/>\nSilber: Alter 126 &#8211; Hind.\u00dcb. 65,30 (35 SP) Staffellauf 92,34 &#8211; Gesamtpunkte 981,36 (392. Platz)<br \/>\n<strong>Oepping 2<\/strong><br \/>\n<div id=\"attachment_535\" style=\"width: 410px\" class=\"wp-caption alignnone\"><a href=\"http:\/\/www.ff-oepping.at\/cms\/wp-content\/uploads\/2013\/03\/2010_Oepping2Jugend.jpg\" data-rel=\"lightbox-gallery-svGNSEUI\" data-rl_title=\"\" data-rl_caption=\"\" title=\"\"><img loading=\"lazy\" decoding=\"async\" aria-describedby=\"caption-attachment-535\" class=\"size-full wp-image-535\" alt=\"2010_Oepping2Jugend\" src=\"http:\/\/www.ff-oepping.at\/cms\/wp-content\/uploads\/2013\/03\/2010_Oepping2Jugend.jpg\" width=\"400\" height=\"244\" srcset=\"https:\/\/www.ff-oepping.at\/cms\/wp-content\/uploads\/2013\/03\/2010_Oepping2Jugend.jpg 400w, https:\/\/www.ff-oepping.at\/cms\/wp-content\/uploads\/2013\/03\/2010_Oepping2Jugend-300x183.jpg 300w\" sizes=\"auto, (max-width: 400px) 100vw, 400px\" \/><\/a><p id=\"caption-attachment-535\" class=\"wp-caption-text\">Die wohl j\u00fcngste Gruppe beim Landesbewerb:<br \/>vorne: Spindlbalker Nadine, Mandl Christian, Gabriel Mathias, Brandl David,<br \/>hinten: Reischl Christina, Mandl Christina, Gabriel Julian, Reischl Christoph, Pernsteiner Hannes<br \/>auf dem Foto fehlt: H\u00f6fler Andr\u00e9<\/p><\/div><br \/>\nBewerbsdaten:<br \/>\nBronze: Alter 95!- Hind.-\u00dcb. 64,40 (10 SP) Staffellauf 87,94- Gesamtpunkte 1017,66 (217. Platz)<br \/>\nSilber: Alter 95!- Hind.\u00dcb. 85,40 (20 SP) Staffellauf 96,30 (10 SP)\u00a0&#8211; Gesamtpunkte 968,30 (454. Platz)<br \/>\n<strong>LEISTUNGSABZEICHEN:<\/strong><br \/>\n<strong>Jugend-Feuerwehrleistungsabzeiche in Bronze:<\/strong><br \/>\n<div id=\"attachment_530\" style=\"width: 410px\" class=\"wp-caption alignnone\"><a href=\"http:\/\/www.ff-oepping.at\/cms\/wp-content\/uploads\/2013\/03\/2010_Jugend-FLABronze.jpg\" data-rel=\"lightbox-gallery-svGNSEUI\" data-rl_title=\"\" data-rl_caption=\"\" title=\"\"><img loading=\"lazy\" decoding=\"async\" aria-describedby=\"caption-attachment-530\" class=\"size-full wp-image-530\" alt=\"2010_Jugend-FLABronze\" src=\"http:\/\/www.ff-oepping.at\/cms\/wp-content\/uploads\/2013\/03\/2010_Jugend-FLABronze.jpg\" width=\"400\" height=\"499\" srcset=\"https:\/\/www.ff-oepping.at\/cms\/wp-content\/uploads\/2013\/03\/2010_Jugend-FLABronze.jpg 400w, https:\/\/www.ff-oepping.at\/cms\/wp-content\/uploads\/2013\/03\/2010_Jugend-FLABronze-240x300.jpg 240w\" sizes=\"auto, (max-width: 400px) 100vw, 400px\" \/><\/a><p id=\"caption-attachment-530\" class=\"wp-caption-text\">hockend: Keinberger Tobias, Pernsteiner Hannes<br \/>stehend: Spindlbalker Nadine, H\u00f6glinger Harald, Keinberger Christoph<\/p><\/div><br \/>\n<strong>Jugend-Feuerwehrleistungsabzeiche in Silber:<br \/>\n<\/strong><br \/>\n<div id=\"attachment_531\" style=\"width: 270px\" class=\"wp-caption alignnone\"><a href=\"http:\/\/www.ff-oepping.at\/cms\/wp-content\/uploads\/2013\/03\/2010_Jugend-FLASilber_.jpg\" data-rel=\"lightbox-gallery-svGNSEUI\" data-rl_title=\"\" data-rl_caption=\"\" title=\"\"><img loading=\"lazy\" decoding=\"async\" aria-describedby=\"caption-attachment-531\" class=\"size-full wp-image-531\" alt=\"2010_Jugend-FLASilber_\" src=\"http:\/\/www.ff-oepping.at\/cms\/wp-content\/uploads\/2013\/03\/2010_Jugend-FLASilber_.jpg\" width=\"260\" height=\"397\" \/><\/a><p id=\"caption-attachment-531\" class=\"wp-caption-text\">Bei\u00dfmann Michael, Schaubmayr Tanja und<br \/>H\u00f6glinger Manuel<\/p><\/div><br \/>\n&nbsp;<br \/>\n<strong>Feuerwehrleistungsabzeiche in Bronze:<\/strong><br \/>\n<div id=\"attachment_529\" style=\"width: 410px\" class=\"wp-caption alignnone\"><a href=\"http:\/\/www.ff-oepping.at\/cms\/wp-content\/uploads\/2013\/03\/2010_Damen-FLABronze.jpg\" data-rel=\"lightbox-gallery-svGNSEUI\" data-rl_title=\"\" data-rl_caption=\"\" title=\"\"><img loading=\"lazy\" decoding=\"async\" aria-describedby=\"caption-attachment-529\" class=\"size-full wp-image-529\" alt=\"2010_Damen-FLABronze\" src=\"http:\/\/www.ff-oepping.at\/cms\/wp-content\/uploads\/2013\/03\/2010_Damen-FLABronze.jpg\" width=\"400\" height=\"266\" srcset=\"https:\/\/www.ff-oepping.at\/cms\/wp-content\/uploads\/2013\/03\/2010_Damen-FLABronze.jpg 400w, https:\/\/www.ff-oepping.at\/cms\/wp-content\/uploads\/2013\/03\/2010_Damen-FLABronze-300x200.jpg 300w\" sizes=\"auto, (max-width: 400px) 100vw, 400px\" \/><\/a><p id=\"caption-attachment-529\" class=\"wp-caption-text\">unsere beiden Damen: Schaubmayr Elfriede und Mandl Petra<\/p><\/div><br \/>\n&nbsp;<br \/>\n<strong>sowie die Bewerbsgruppe Oepping 5:<br \/>\n<\/strong><br \/>\n<a href=\"http:\/\/www.ff-oepping.at\/cms\/wp-content\/uploads\/2013\/03\/2010_Oepping5_Sonnleitner.jpg\" data-rel=\"lightbox-gallery-svGNSEUI\" data-rl_title=\"\" data-rl_caption=\"\" title=\"\"><img loading=\"lazy\" decoding=\"async\" class=\"alignnone size-full wp-image-539\" alt=\"2010_Oepping5_Sonnleitner\" src=\"http:\/\/www.ff-oepping.at\/cms\/wp-content\/uploads\/2013\/03\/2010_Oepping5_Sonnleitner.jpg\" width=\"400\" height=\"329\" srcset=\"https:\/\/www.ff-oepping.at\/cms\/wp-content\/uploads\/2013\/03\/2010_Oepping5_Sonnleitner.jpg 400w, https:\/\/www.ff-oepping.at\/cms\/wp-content\/uploads\/2013\/03\/2010_Oepping5_Sonnleitner-300x247.jpg 300w\" sizes=\"auto, (max-width: 400px) 100vw, 400px\" \/><\/a><\/p>\n","protected":false},"excerpt":{"rendered":"<p>Gleich 7 Gruppen &#8211; 5 Aktivgruppen und 2 Jugendgruppen &#8211; \u00a0stellen sich beim Landesbewerb in Attnang-Puchheim den Bewertern. Vizelandessieg f\u00fcr Oeppinger Oldies Aber nicht nur die Quantit\u00e4t war enorm auch&hellip;<\/p>\n","protected":false},"author":1,"featured_media":528,"comment_status":"closed","ping_status":"closed","sticky":false,"template":"","format":"standard","meta":{"footnotes":""},"categories":[45,4],"tags":[],"class_list":["post-527","post","type-post","status-publish","format-standard","has-post-thumbnail","hentry","category-bewerbe","category-die-feuerwehr"],"views":1713,"wps_subtitle":"","_links":{"self":[{"href":"https:\/\/www.ff-oepping.at\/cms\/wp-json\/wp\/v2\/posts\/527","targetHints":{"allow":["GET"]}}],"collection":[{"href":"https:\/\/www.ff-oepping.at\/cms\/wp-json\/wp\/v2\/posts"}],"about":[{"href":"https:\/\/www.ff-oepping.at\/cms\/wp-json\/wp\/v2\/types\/post"}],"author":[{"embeddable":true,"href":"https:\/\/www.ff-oepping.at\/cms\/wp-json\/wp\/v2\/users\/1"}],"replies":[{"embeddable":true,"href":"https:\/\/www.ff-oepping.at\/cms\/wp-json\/wp\/v2\/comments?post=527"}],"version-history":[{"count":0,"href":"https:\/\/www.ff-oepping.at\/cms\/wp-json\/wp\/v2\/posts\/527\/revisions"}],"wp:featuredmedia":[{"embeddable":true,"href":"https:\/\/www.ff-oepping.at\/cms\/wp-json\/wp\/v2\/media\/528"}],"wp:attachment":[{"href":"https:\/\/www.ff-oepping.at\/cms\/wp-json\/wp\/v2\/media?parent=527"}],"wp:term":[{"taxonomy":"category","embeddable":true,"href":"https:\/\/www.ff-oepping.at\/cms\/wp-json\/wp\/v2\/categories?post=527"},{"taxonomy":"post_tag","embeddable":true,"href":"https:\/\/www.ff-oepping.at\/cms\/wp-json\/wp\/v2\/tags?post=527"}],"curies":[{"name":"wp","href":"https:\/\/api.w.org\/{rel}","templated":true}]}}