{"id":5381,"date":"2015-03-09T15:48:46","date_gmt":"2015-03-09T14:48:46","guid":{"rendered":"http:\/\/www.ff-oepping.at\/wp\/?p=5381"},"modified":"2024-11-23T13:54:20","modified_gmt":"2024-11-23T12:54:20","slug":"arbeiten-bei-der-dachkonstruktion","status":"publish","type":"post","link":"https:\/\/www.ff-oepping.at\/cms\/feuerwehrhausbau\/arbeiten-bei-der-dachkonstruktion\/","title":{"rendered":"Arbeiten bei der Dachkonstruktion"},"content":{"rendered":"<p>Flei\u00dfiges Treiben herrscht bereits wieder nach der Winterpause auf der Baustelle des neuen Zeughauses. So konnte letzten Mittwoch, den 4. M\u00e4rz, beim S\u00e4gewerk von Arnreiter Peter damit begonnen werden, die Balken f\u00fcr die Dachkonstruktion vorzubereiten. Am darauf folgenden Montag wurden in den fr\u00fchen Morgenstunden diese mittels LKW vom S\u00e4gewerk zum Bauplatz transportiert und an den Bestimmungsort am Bauwerk bef\u00f6rdert, um die Dachkonstruktion Schritt f\u00fcr Schritt zusammenzusetzen.<br \/>\n<a href=\"http:\/\/www.ff-oepping.at\/cms\/wp-content\/uploads\/2015\/03\/dachkonstruktion_02.jpg\" data-rel=\"lightbox-gallery-6XsIwb9G\" data-rl_title=\"\" data-rl_caption=\"\" title=\"\"><img loading=\"lazy\" decoding=\"async\" width=\"300\" height=\"200\" class=\"alignnone size-medium wp-image-5386\" src=\"http:\/\/www.ff-oepping.at\/cms\/wp-content\/uploads\/2015\/03\/dachkonstruktion_02-300x200.jpg\" alt=\"dachkonstruktion_02\" srcset=\"https:\/\/www.ff-oepping.at\/cms\/wp-content\/uploads\/2015\/03\/dachkonstruktion_02-300x200.jpg 300w, https:\/\/www.ff-oepping.at\/cms\/wp-content\/uploads\/2015\/03\/dachkonstruktion_02-1024x683.jpg 1024w, https:\/\/www.ff-oepping.at\/cms\/wp-content\/uploads\/2015\/03\/dachkonstruktion_02-768x512.jpg 768w, https:\/\/www.ff-oepping.at\/cms\/wp-content\/uploads\/2015\/03\/dachkonstruktion_02.jpg 1200w\" sizes=\"auto, (max-width: 300px) 100vw, 300px\" \/><\/a> <a href=\"http:\/\/www.ff-oepping.at\/cms\/wp-content\/uploads\/2015\/03\/dachkonstruktion_01.jpg\" data-rel=\"lightbox-gallery-6XsIwb9G\" data-rl_title=\"\" data-rl_caption=\"\" title=\"\"><img loading=\"lazy\" decoding=\"async\" width=\"300\" height=\"200\" class=\"alignnone size-medium wp-image-5385\" src=\"http:\/\/www.ff-oepping.at\/cms\/wp-content\/uploads\/2015\/03\/dachkonstruktion_01-300x200.jpg\" alt=\"dachkonstruktion_01\" srcset=\"https:\/\/www.ff-oepping.at\/cms\/wp-content\/uploads\/2015\/03\/dachkonstruktion_01-300x200.jpg 300w, https:\/\/www.ff-oepping.at\/cms\/wp-content\/uploads\/2015\/03\/dachkonstruktion_01-1024x683.jpg 1024w, https:\/\/www.ff-oepping.at\/cms\/wp-content\/uploads\/2015\/03\/dachkonstruktion_01-768x512.jpg 768w, https:\/\/www.ff-oepping.at\/cms\/wp-content\/uploads\/2015\/03\/dachkonstruktion_01.jpg 1200w\" sizes=\"auto, (max-width: 300px) 100vw, 300px\" \/><\/a><br \/>\n<a href=\"http:\/\/www.ff-oepping.at\/cms\/wp-content\/uploads\/2015\/03\/dachkonstruktion_04.jpg\" data-rel=\"lightbox-gallery-6XsIwb9G\" data-rl_title=\"\" data-rl_caption=\"\" title=\"\"><img loading=\"lazy\" decoding=\"async\" width=\"300\" height=\"200\" class=\"alignnone size-medium wp-image-5388\" src=\"http:\/\/www.ff-oepping.at\/cms\/wp-content\/uploads\/2015\/03\/dachkonstruktion_04-300x200.jpg\" alt=\"dachkonstruktion_04\" srcset=\"https:\/\/www.ff-oepping.at\/cms\/wp-content\/uploads\/2015\/03\/dachkonstruktion_04-300x200.jpg 300w, https:\/\/www.ff-oepping.at\/cms\/wp-content\/uploads\/2015\/03\/dachkonstruktion_04-1024x683.jpg 1024w, https:\/\/www.ff-oepping.at\/cms\/wp-content\/uploads\/2015\/03\/dachkonstruktion_04-768x512.jpg 768w, https:\/\/www.ff-oepping.at\/cms\/wp-content\/uploads\/2015\/03\/dachkonstruktion_04.jpg 1200w\" sizes=\"auto, (max-width: 300px) 100vw, 300px\" \/><\/a> <a href=\"http:\/\/www.ff-oepping.at\/cms\/wp-content\/uploads\/2015\/03\/dachkonstruktion_03.jpg\" data-rel=\"lightbox-gallery-6XsIwb9G\" data-rl_title=\"\" data-rl_caption=\"\" title=\"\"><img loading=\"lazy\" decoding=\"async\" width=\"300\" height=\"200\" class=\"alignnone size-medium wp-image-5387\" src=\"http:\/\/www.ff-oepping.at\/cms\/wp-content\/uploads\/2015\/03\/dachkonstruktion_03-300x200.jpg\" alt=\"dachkonstruktion_03\" srcset=\"https:\/\/www.ff-oepping.at\/cms\/wp-content\/uploads\/2015\/03\/dachkonstruktion_03-300x200.jpg 300w, https:\/\/www.ff-oepping.at\/cms\/wp-content\/uploads\/2015\/03\/dachkonstruktion_03-1024x683.jpg 1024w, https:\/\/www.ff-oepping.at\/cms\/wp-content\/uploads\/2015\/03\/dachkonstruktion_03-768x512.jpg 768w, https:\/\/www.ff-oepping.at\/cms\/wp-content\/uploads\/2015\/03\/dachkonstruktion_03.jpg 1200w\" sizes=\"auto, (max-width: 300px) 100vw, 300px\" \/><\/a><\/p>\n","protected":false},"excerpt":{"rendered":"<p>Flei\u00dfiges Treiben herrscht bereits wieder nach der Winterpause auf der Baustelle des neuen Zeughauses. So konnte letzten Mittwoch, den 4. M\u00e4rz, beim S\u00e4gewerk von Arnreiter Peter damit begonnen werden, die&hellip;<\/p>\n","protected":false},"author":5,"featured_media":5384,"comment_status":"closed","ping_status":"closed","sticky":false,"template":"","format":"standard","meta":{"footnotes":""},"categories":[16],"tags":[],"class_list":["post-5381","post","type-post","status-publish","format-standard","has-post-thumbnail","hentry","category-feuerwehrhausbau"],"views":1518,"wps_subtitle":"09. M\u00e4rz 2015","_links":{"self":[{"href":"https:\/\/www.ff-oepping.at\/cms\/wp-json\/wp\/v2\/posts\/5381","targetHints":{"allow":["GET"]}}],"collection":[{"href":"https:\/\/www.ff-oepping.at\/cms\/wp-json\/wp\/v2\/posts"}],"about":[{"href":"https:\/\/www.ff-oepping.at\/cms\/wp-json\/wp\/v2\/types\/post"}],"author":[{"embeddable":true,"href":"https:\/\/www.ff-oepping.at\/cms\/wp-json\/wp\/v2\/users\/5"}],"replies":[{"embeddable":true,"href":"https:\/\/www.ff-oepping.at\/cms\/wp-json\/wp\/v2\/comments?post=5381"}],"version-history":[{"count":1,"href":"https:\/\/www.ff-oepping.at\/cms\/wp-json\/wp\/v2\/posts\/5381\/revisions"}],"predecessor-version":[{"id":13542,"href":"https:\/\/www.ff-oepping.at\/cms\/wp-json\/wp\/v2\/posts\/5381\/revisions\/13542"}],"wp:featuredmedia":[{"embeddable":true,"href":"https:\/\/www.ff-oepping.at\/cms\/wp-json\/wp\/v2\/media\/5384"}],"wp:attachment":[{"href":"https:\/\/www.ff-oepping.at\/cms\/wp-json\/wp\/v2\/media?parent=5381"}],"wp:term":[{"taxonomy":"category","embeddable":true,"href":"https:\/\/www.ff-oepping.at\/cms\/wp-json\/wp\/v2\/categories?post=5381"},{"taxonomy":"post_tag","embeddable":true,"href":"https:\/\/www.ff-oepping.at\/cms\/wp-json\/wp\/v2\/tags?post=5381"}],"curies":[{"name":"wp","href":"https:\/\/api.w.org\/{rel}","templated":true}]}}