{"id":5536,"date":"2015-04-30T17:22:01","date_gmt":"2015-04-30T15:22:01","guid":{"rendered":"http:\/\/www.ff-oepping.at\/wp\/?p=5536"},"modified":"2024-11-23T13:54:15","modified_gmt":"2024-11-23T12:54:15","slug":"hoher-besuch-auf-der-baustelle","status":"publish","type":"post","link":"https:\/\/www.ff-oepping.at\/cms\/feuerwehrhausbau\/hoher-besuch-auf-der-baustelle\/","title":{"rendered":"Hoher Besuch auf der Baustelle"},"content":{"rendered":"<p>Landesrat Max Hiegelsberger besuchte am Vormittag kurz Oepping und hatte sich dabei unsere Feuerwehrhausbaustelle zeigen lassen. Mit dabei war auch noch LtAbg. Georg Ecker und B\u00fcrgermeister Thomas Bogner. Das Kommando f\u00fchrte die Politiker durch die Baustelle und informierte \u00fcber den Baufortschritt und die finanzielle Situation. Der Landesrat zeigte sich erfreut \u00fcber den Baufortschritt und w\u00fcnschte schlie\u00dflich der Feuerwehr einen weiterhin so erfolgreichen Bauverlauf.<br \/>\n<a href=\"http:\/\/www.ff-oepping.at\/cms\/wp-content\/uploads\/2015\/04\/2015-LRBesuch-01.jpg\" data-rel=\"lightbox-gallery-jjxzuesi\" data-rl_title=\"\" data-rl_caption=\"\" title=\"\"><img loading=\"lazy\" decoding=\"async\" width=\"300\" height=\"191\" class=\"alignnone size-medium wp-image-5539\" src=\"http:\/\/www.ff-oepping.at\/cms\/wp-content\/uploads\/2015\/04\/2015-LRBesuch-01-300x191.jpg\" alt=\"2015-LRBesuch-01\" srcset=\"https:\/\/www.ff-oepping.at\/cms\/wp-content\/uploads\/2015\/04\/2015-LRBesuch-01-300x191.jpg 300w, https:\/\/www.ff-oepping.at\/cms\/wp-content\/uploads\/2015\/04\/2015-LRBesuch-01-768x488.jpg 768w, https:\/\/www.ff-oepping.at\/cms\/wp-content\/uploads\/2015\/04\/2015-LRBesuch-01.jpg 1000w\" sizes=\"auto, (max-width: 300px) 100vw, 300px\" \/><\/a><br \/>\n<a href=\"http:\/\/www.ff-oepping.at\/cms\/wp-content\/uploads\/2015\/04\/2015-LRBesuch-02.jpg\" data-rel=\"lightbox-gallery-jjxzuesi\" data-rl_title=\"\" data-rl_caption=\"\" title=\"\"><img loading=\"lazy\" decoding=\"async\" width=\"300\" height=\"149\" class=\"alignnone size-medium wp-image-5540\" src=\"http:\/\/www.ff-oepping.at\/cms\/wp-content\/uploads\/2015\/04\/2015-LRBesuch-02-300x149.jpg\" alt=\"2015-LRBesuch-02\" srcset=\"https:\/\/www.ff-oepping.at\/cms\/wp-content\/uploads\/2015\/04\/2015-LRBesuch-02-300x149.jpg 300w, https:\/\/www.ff-oepping.at\/cms\/wp-content\/uploads\/2015\/04\/2015-LRBesuch-02-1024x507.jpg 1024w, https:\/\/www.ff-oepping.at\/cms\/wp-content\/uploads\/2015\/04\/2015-LRBesuch-02-768x380.jpg 768w, https:\/\/www.ff-oepping.at\/cms\/wp-content\/uploads\/2015\/04\/2015-LRBesuch-02.jpg 1200w\" sizes=\"auto, (max-width: 300px) 100vw, 300px\" \/><\/a><\/p>\n","protected":false},"excerpt":{"rendered":"<p>Landesrat Max Hiegelsberger besuchte am Vormittag kurz Oepping und hatte sich dabei unsere Feuerwehrhausbaustelle zeigen lassen. Mit dabei war auch noch LtAbg. Georg Ecker und B\u00fcrgermeister Thomas Bogner. Das Kommando&hellip;<\/p>\n","protected":false},"author":2,"featured_media":5541,"comment_status":"closed","ping_status":"closed","sticky":false,"template":"","format":"standard","meta":{"footnotes":""},"categories":[16],"tags":[],"class_list":["post-5536","post","type-post","status-publish","format-standard","has-post-thumbnail","hentry","category-feuerwehrhausbau"],"views":1651,"wps_subtitle":"29. April 2015","_links":{"self":[{"href":"https:\/\/www.ff-oepping.at\/cms\/wp-json\/wp\/v2\/posts\/5536","targetHints":{"allow":["GET"]}}],"collection":[{"href":"https:\/\/www.ff-oepping.at\/cms\/wp-json\/wp\/v2\/posts"}],"about":[{"href":"https:\/\/www.ff-oepping.at\/cms\/wp-json\/wp\/v2\/types\/post"}],"author":[{"embeddable":true,"href":"https:\/\/www.ff-oepping.at\/cms\/wp-json\/wp\/v2\/users\/2"}],"replies":[{"embeddable":true,"href":"https:\/\/www.ff-oepping.at\/cms\/wp-json\/wp\/v2\/comments?post=5536"}],"version-history":[{"count":1,"href":"https:\/\/www.ff-oepping.at\/cms\/wp-json\/wp\/v2\/posts\/5536\/revisions"}],"predecessor-version":[{"id":13541,"href":"https:\/\/www.ff-oepping.at\/cms\/wp-json\/wp\/v2\/posts\/5536\/revisions\/13541"}],"wp:featuredmedia":[{"embeddable":true,"href":"https:\/\/www.ff-oepping.at\/cms\/wp-json\/wp\/v2\/media\/5541"}],"wp:attachment":[{"href":"https:\/\/www.ff-oepping.at\/cms\/wp-json\/wp\/v2\/media?parent=5536"}],"wp:term":[{"taxonomy":"category","embeddable":true,"href":"https:\/\/www.ff-oepping.at\/cms\/wp-json\/wp\/v2\/categories?post=5536"},{"taxonomy":"post_tag","embeddable":true,"href":"https:\/\/www.ff-oepping.at\/cms\/wp-json\/wp\/v2\/tags?post=5536"}],"curies":[{"name":"wp","href":"https:\/\/api.w.org\/{rel}","templated":true}]}}