{"id":5946,"date":"2015-09-17T14:43:19","date_gmt":"2015-09-17T12:43:19","guid":{"rendered":"http:\/\/www.ff-oepping.at\/wp\/?p=5946"},"modified":"2015-09-17T14:43:19","modified_gmt":"2015-09-17T12:43:19","slug":"ausflug-der-feuerwehrjugend","status":"publish","type":"post","link":"https:\/\/www.ff-oepping.at\/cms\/jugend\/ausflug-der-feuerwehrjugend\/","title":{"rendered":"Ausflug der Feuerwehrjugend"},"content":{"rendered":"<p>Da das Wetter am Samstag den 5. September nicht geeignet war zum Zelten &#8211; au\u00dfer man m\u00f6chte ein \u00dcberlebenstraining abhalten &#8211; entschied sich die Feuerwehrjugend ein paar Tage in der ober\u00f6sterreichischen Landeshauptstadt Linz zu verbringen. Nachdem gegen 09:00 Uhr die Reise gen Linz begonnen wurde, stand auch gleich bei der Ankunft der erste Programmpunkt an, eine Schifffahrt auf der Donau.<br \/>\nNach dem Mittagessen wurden noch kurzerhand die Zimmer im Julius Raab Sommerhotel bezogen, wo die Nacht bis zum Sonntag gastiert wurde. Anschlie\u00dfend ging es auch schon zum H\u00f6henrausch in die Linzer Innenstadt, wo es im Programm weiter ging.<br \/>\n<a href=\"http:\/\/www.ff-oepping.at\/cms\/wp-content\/uploads\/2015\/09\/2015_09_05_jugendausflug_01.jpg\" data-rel=\"lightbox-gallery-3i3ZWoZF\" data-rl_title=\"\" data-rl_caption=\"\" title=\"\"><img loading=\"lazy\" decoding=\"async\" width=\"300\" height=\"200\" class=\"alignnone size-medium wp-image-5954\" src=\"http:\/\/www.ff-oepping.at\/cms\/wp-content\/uploads\/2015\/09\/2015_09_05_jugendausflug_01-300x200.jpg\" alt=\"2015_09_05_jugendausflug_01\" srcset=\"https:\/\/www.ff-oepping.at\/cms\/wp-content\/uploads\/2015\/09\/2015_09_05_jugendausflug_01-300x200.jpg 300w, https:\/\/www.ff-oepping.at\/cms\/wp-content\/uploads\/2015\/09\/2015_09_05_jugendausflug_01-1024x683.jpg 1024w, https:\/\/www.ff-oepping.at\/cms\/wp-content\/uploads\/2015\/09\/2015_09_05_jugendausflug_01-768x512.jpg 768w, https:\/\/www.ff-oepping.at\/cms\/wp-content\/uploads\/2015\/09\/2015_09_05_jugendausflug_01.jpg 1200w\" sizes=\"auto, (max-width: 300px) 100vw, 300px\" \/><\/a> <a href=\"http:\/\/www.ff-oepping.at\/cms\/wp-content\/uploads\/2015\/09\/2015_09_05_jugendausflug_03.jpg\" data-rel=\"lightbox-gallery-3i3ZWoZF\" data-rl_title=\"\" data-rl_caption=\"\" title=\"\"><img loading=\"lazy\" decoding=\"async\" width=\"300\" height=\"200\" class=\"alignnone size-medium wp-image-5955\" src=\"http:\/\/www.ff-oepping.at\/cms\/wp-content\/uploads\/2015\/09\/2015_09_05_jugendausflug_03-300x200.jpg\" alt=\"2015_09_05_jugendausflug_03\" srcset=\"https:\/\/www.ff-oepping.at\/cms\/wp-content\/uploads\/2015\/09\/2015_09_05_jugendausflug_03-300x200.jpg 300w, https:\/\/www.ff-oepping.at\/cms\/wp-content\/uploads\/2015\/09\/2015_09_05_jugendausflug_03-1024x683.jpg 1024w, https:\/\/www.ff-oepping.at\/cms\/wp-content\/uploads\/2015\/09\/2015_09_05_jugendausflug_03-768x512.jpg 768w, https:\/\/www.ff-oepping.at\/cms\/wp-content\/uploads\/2015\/09\/2015_09_05_jugendausflug_03.jpg 1200w\" sizes=\"auto, (max-width: 300px) 100vw, 300px\" \/><\/a><br \/>\nAm Sonntag sprangen die M\u00e4dchen und Jungen, so wie am Abend zuvor, gleich noch einmal in das hoteleigene Schwimmbad um direkt frisch in den Tag zu starten. Zu guter Letzt wurde noch zu Fu\u00df der P\u00f6stlingberg erklommen, um bei Sonnenschein einen herrlichen Weitblick \u00fcber die Stadt Linz zu erhaschen.<br \/>\n<a href=\"http:\/\/www.ff-oepping.at\/cms\/wp-content\/uploads\/2015\/09\/2015_09_05_jugendausflug_02.jpg\" data-rel=\"lightbox-gallery-3i3ZWoZF\" data-rl_title=\"\" data-rl_caption=\"\" title=\"\"><img loading=\"lazy\" decoding=\"async\" width=\"300\" height=\"200\" class=\"alignnone size-medium wp-image-5956\" src=\"http:\/\/www.ff-oepping.at\/cms\/wp-content\/uploads\/2015\/09\/2015_09_05_jugendausflug_02-300x200.jpg\" alt=\"2015_09_05_jugendausflug_02\" srcset=\"https:\/\/www.ff-oepping.at\/cms\/wp-content\/uploads\/2015\/09\/2015_09_05_jugendausflug_02-300x200.jpg 300w, https:\/\/www.ff-oepping.at\/cms\/wp-content\/uploads\/2015\/09\/2015_09_05_jugendausflug_02-1024x683.jpg 1024w, https:\/\/www.ff-oepping.at\/cms\/wp-content\/uploads\/2015\/09\/2015_09_05_jugendausflug_02-768x512.jpg 768w, https:\/\/www.ff-oepping.at\/cms\/wp-content\/uploads\/2015\/09\/2015_09_05_jugendausflug_02.jpg 1200w\" sizes=\"auto, (max-width: 300px) 100vw, 300px\" \/><\/a> <a href=\"http:\/\/www.ff-oepping.at\/cms\/wp-content\/uploads\/2015\/09\/2015_09_05_jugendausflug_04.jpg\" data-rel=\"lightbox-gallery-3i3ZWoZF\" data-rl_title=\"\" data-rl_caption=\"\" title=\"\"><img loading=\"lazy\" decoding=\"async\" width=\"300\" height=\"200\" class=\"alignnone size-medium wp-image-5957\" src=\"http:\/\/www.ff-oepping.at\/cms\/wp-content\/uploads\/2015\/09\/2015_09_05_jugendausflug_04-300x200.jpg\" alt=\"2015_09_05_jugendausflug_04\" srcset=\"https:\/\/www.ff-oepping.at\/cms\/wp-content\/uploads\/2015\/09\/2015_09_05_jugendausflug_04-300x200.jpg 300w, https:\/\/www.ff-oepping.at\/cms\/wp-content\/uploads\/2015\/09\/2015_09_05_jugendausflug_04-1024x683.jpg 1024w, https:\/\/www.ff-oepping.at\/cms\/wp-content\/uploads\/2015\/09\/2015_09_05_jugendausflug_04-768x512.jpg 768w, https:\/\/www.ff-oepping.at\/cms\/wp-content\/uploads\/2015\/09\/2015_09_05_jugendausflug_04.jpg 1200w\" sizes=\"auto, (max-width: 300px) 100vw, 300px\" \/><\/a><a href=\"http:\/\/www.ff-oepping.at\/cms\/wp-content\/uploads\/2015\/09\/2015_09_05_jugendausflug_05.jpg\" data-rel=\"lightbox-gallery-3i3ZWoZF\" data-rl_title=\"\" data-rl_caption=\"\" title=\"\"><img loading=\"lazy\" decoding=\"async\" width=\"300\" height=\"200\" class=\"alignnone size-medium wp-image-5958\" src=\"http:\/\/www.ff-oepping.at\/cms\/wp-content\/uploads\/2015\/09\/2015_09_05_jugendausflug_05-300x200.jpg\" alt=\"2015_09_05_jugendausflug_05\" srcset=\"https:\/\/www.ff-oepping.at\/cms\/wp-content\/uploads\/2015\/09\/2015_09_05_jugendausflug_05-300x200.jpg 300w, https:\/\/www.ff-oepping.at\/cms\/wp-content\/uploads\/2015\/09\/2015_09_05_jugendausflug_05-1024x683.jpg 1024w, https:\/\/www.ff-oepping.at\/cms\/wp-content\/uploads\/2015\/09\/2015_09_05_jugendausflug_05-768x512.jpg 768w, https:\/\/www.ff-oepping.at\/cms\/wp-content\/uploads\/2015\/09\/2015_09_05_jugendausflug_05.jpg 1200w\" sizes=\"auto, (max-width: 300px) 100vw, 300px\" \/><\/a><\/p>\n","protected":false},"excerpt":{"rendered":"<p>Da das Wetter am Samstag den 5. September nicht geeignet war zum Zelten &#8211; au\u00dfer man m\u00f6chte ein \u00dcberlebenstraining abhalten &#8211; entschied sich die Feuerwehrjugend ein paar Tage in der&hellip;<\/p>\n","protected":false},"author":5,"featured_media":5959,"comment_status":"closed","ping_status":"closed","sticky":false,"template":"","format":"standard","meta":{"footnotes":""},"categories":[40,21],"tags":[],"class_list":["post-5946","post","type-post","status-publish","format-standard","has-post-thumbnail","hentry","category-aktivitaeten","category-jugend"],"views":1588,"wps_subtitle":"05. bis 06. September 2015","_links":{"self":[{"href":"https:\/\/www.ff-oepping.at\/cms\/wp-json\/wp\/v2\/posts\/5946","targetHints":{"allow":["GET"]}}],"collection":[{"href":"https:\/\/www.ff-oepping.at\/cms\/wp-json\/wp\/v2\/posts"}],"about":[{"href":"https:\/\/www.ff-oepping.at\/cms\/wp-json\/wp\/v2\/types\/post"}],"author":[{"embeddable":true,"href":"https:\/\/www.ff-oepping.at\/cms\/wp-json\/wp\/v2\/users\/5"}],"replies":[{"embeddable":true,"href":"https:\/\/www.ff-oepping.at\/cms\/wp-json\/wp\/v2\/comments?post=5946"}],"version-history":[{"count":0,"href":"https:\/\/www.ff-oepping.at\/cms\/wp-json\/wp\/v2\/posts\/5946\/revisions"}],"wp:featuredmedia":[{"embeddable":true,"href":"https:\/\/www.ff-oepping.at\/cms\/wp-json\/wp\/v2\/media\/5959"}],"wp:attachment":[{"href":"https:\/\/www.ff-oepping.at\/cms\/wp-json\/wp\/v2\/media?parent=5946"}],"wp:term":[{"taxonomy":"category","embeddable":true,"href":"https:\/\/www.ff-oepping.at\/cms\/wp-json\/wp\/v2\/categories?post=5946"},{"taxonomy":"post_tag","embeddable":true,"href":"https:\/\/www.ff-oepping.at\/cms\/wp-json\/wp\/v2\/tags?post=5946"}],"curies":[{"name":"wp","href":"https:\/\/api.w.org\/{rel}","templated":true}]}}