{"id":6626,"date":"2016-07-24T11:00:59","date_gmt":"2016-07-24T09:00:59","guid":{"rendered":"http:\/\/www.ff-oepping.at\/wp\/?p=6626"},"modified":"2020-04-04T16:16:04","modified_gmt":"2020-04-04T14:16:04","slug":"bezirksfeuerwehr-jugendlager-in-ulrichsberg","status":"publish","type":"post","link":"https:\/\/www.ff-oepping.at\/cms\/jugend\/bezirksfeuerwehr-jugendlager-in-ulrichsberg\/","title":{"rendered":"Bezirksfeuerwehr-Jugendlager in Ulrichsberg"},"content":{"rendered":"<p>Alle zwei Jahre wird vom Bezirksfeuerwehrkommando Rohrbach ein gro\u00dfes Jugendlager veranstaltet, welches dieses Jahr in Ulrichsberg stattgefunden hat. Mehr als 500 Kinder und Jugendliche von den umliegenden Feuerwehren, sowohl als auch einige aus dem benachbarten Deutschland nahmen daran teil. Bereits im Vorfeld wurde erstmals eine Aufgabe an die Lagerteilnehmer zum Thema &#8222;Operation Hinkelstein&#8220; gestellt, wo unter anderem zum Teil sehr am\u00fcsante sowie einfallsreiche Ergebnisse zu Tage kamen.<br \/>\n<a href=\"http:\/\/www.ff-oepping.at\/cms\/wp-content\/uploads\/2016\/07\/Jugendlager-04.jpg\" data-rel=\"lightbox-gallery-W2DyZOuo\" data-rl_title=\"\" data-rl_caption=\"\" title=\"\"><img loading=\"lazy\" decoding=\"async\" width=\"300\" height=\"169\" class=\"alignnone size-medium wp-image-6653\" src=\"http:\/\/www.ff-oepping.at\/cms\/wp-content\/uploads\/2016\/07\/Jugendlager-04-300x169.jpg\" alt=\"Jugendlager-04\" srcset=\"https:\/\/www.ff-oepping.at\/cms\/wp-content\/uploads\/2016\/07\/Jugendlager-04-300x169.jpg 300w, https:\/\/www.ff-oepping.at\/cms\/wp-content\/uploads\/2016\/07\/Jugendlager-04-1024x577.jpg 1024w, https:\/\/www.ff-oepping.at\/cms\/wp-content\/uploads\/2016\/07\/Jugendlager-04-768x433.jpg 768w, https:\/\/www.ff-oepping.at\/cms\/wp-content\/uploads\/2016\/07\/Jugendlager-04.jpg 1200w\" sizes=\"auto, (max-width: 300px) 100vw, 300px\" \/><\/a> <a href=\"http:\/\/www.ff-oepping.at\/cms\/wp-content\/uploads\/2016\/07\/Jugendlager-05.jpg\" data-rel=\"lightbox-gallery-W2DyZOuo\" data-rl_title=\"\" data-rl_caption=\"\" title=\"\"><img loading=\"lazy\" decoding=\"async\" width=\"300\" height=\"169\" class=\"alignnone size-medium wp-image-6654\" src=\"http:\/\/www.ff-oepping.at\/cms\/wp-content\/uploads\/2016\/07\/Jugendlager-05-300x169.jpg\" alt=\"Jugendlager-05\" srcset=\"https:\/\/www.ff-oepping.at\/cms\/wp-content\/uploads\/2016\/07\/Jugendlager-05-300x169.jpg 300w, https:\/\/www.ff-oepping.at\/cms\/wp-content\/uploads\/2016\/07\/Jugendlager-05-1024x577.jpg 1024w, https:\/\/www.ff-oepping.at\/cms\/wp-content\/uploads\/2016\/07\/Jugendlager-05-768x433.jpg 768w, https:\/\/www.ff-oepping.at\/cms\/wp-content\/uploads\/2016\/07\/Jugendlager-05.jpg 1200w\" sizes=\"auto, (max-width: 300px) 100vw, 300px\" \/><\/a><br \/>\nMit den Worten: &#8222;Salvete &#8211; ihr M\u00fchlviertler Berg- und H\u00fcgelvolk! Caesar hat mich in euer gallisches Dorf gesandt um bei euch zu sein. M\u00f6gen die Spiele beginnen und erst nach vielen sonnigen Tagen wieder enden!&#8220;, er\u00f6ffnete Landesfeuerwehrkommandant Dr. Wolfgang Kronsteiner das diesj\u00e4hrige Jugendlager.<br \/>\n<a href=\"http:\/\/www.ff-oepping.at\/cms\/wp-content\/uploads\/2016\/07\/Jugendlager-06.jpg\" data-rel=\"lightbox-gallery-W2DyZOuo\" data-rl_title=\"\" data-rl_caption=\"\" title=\"\"><img loading=\"lazy\" decoding=\"async\" width=\"300\" height=\"200\" class=\"alignnone size-medium wp-image-6655\" src=\"http:\/\/www.ff-oepping.at\/cms\/wp-content\/uploads\/2016\/07\/Jugendlager-06-300x200.jpg\" alt=\"Jugendlager-06\" srcset=\"https:\/\/www.ff-oepping.at\/cms\/wp-content\/uploads\/2016\/07\/Jugendlager-06-300x200.jpg 300w, https:\/\/www.ff-oepping.at\/cms\/wp-content\/uploads\/2016\/07\/Jugendlager-06-1024x683.jpg 1024w, https:\/\/www.ff-oepping.at\/cms\/wp-content\/uploads\/2016\/07\/Jugendlager-06-768x512.jpg 768w, https:\/\/www.ff-oepping.at\/cms\/wp-content\/uploads\/2016\/07\/Jugendlager-06.jpg 1200w\" sizes=\"auto, (max-width: 300px) 100vw, 300px\" \/><\/a> <a href=\"http:\/\/www.ff-oepping.at\/cms\/wp-content\/uploads\/2016\/07\/Jugendlager-07.jpg\" data-rel=\"lightbox-gallery-W2DyZOuo\" data-rl_title=\"\" data-rl_caption=\"\" title=\"\"><img loading=\"lazy\" decoding=\"async\" width=\"300\" height=\"200\" class=\"alignnone size-medium wp-image-6659\" src=\"http:\/\/www.ff-oepping.at\/cms\/wp-content\/uploads\/2016\/07\/Jugendlager-07-300x200.jpg\" alt=\"Jugendlager-07\" srcset=\"https:\/\/www.ff-oepping.at\/cms\/wp-content\/uploads\/2016\/07\/Jugendlager-07-300x200.jpg 300w, https:\/\/www.ff-oepping.at\/cms\/wp-content\/uploads\/2016\/07\/Jugendlager-07-1024x683.jpg 1024w, https:\/\/www.ff-oepping.at\/cms\/wp-content\/uploads\/2016\/07\/Jugendlager-07-768x512.jpg 768w, https:\/\/www.ff-oepping.at\/cms\/wp-content\/uploads\/2016\/07\/Jugendlager-07.jpg 1200w\" sizes=\"auto, (max-width: 300px) 100vw, 300px\" \/><\/a><br \/>\nAm Abend des ersten Tages stand noch eine Wanderung, sowie eine Modellflugshow und eine Einlage der Paragleiter am Programm. Den Abschluss dieses Tages machte eine spektakul\u00e4re Feuershow.<br \/>\nWeiter ging es am Samstag mit dem Lagerprogamm bzw. mit der Lagerolympiade sowie wurde ein Ausflug zu den Nachbarn nach Deutschland gemacht, genauer gesagt nach Rastb\u00fcchl zu der Schisprungschanze, wo man das Schispringen am eigenen Leib ausprobieren konnte. Dieser Tag wurde mit einer Messe der etwas anderen Art durch (Zauber-)Pfarrer Gert Smetanig abgeschlossen. Anschlie\u00dfend wurde noch die Lagerdisco veranstaltet.<br \/>\n<a href=\"http:\/\/www.ff-oepping.at\/cms\/wp-content\/uploads\/2016\/07\/Jugendlager-03.jpg\" data-rel=\"lightbox-gallery-W2DyZOuo\" data-rl_title=\"\" data-rl_caption=\"\" title=\"\"><img loading=\"lazy\" decoding=\"async\" width=\"300\" height=\"169\" class=\"alignnone size-medium wp-image-6652\" src=\"http:\/\/www.ff-oepping.at\/cms\/wp-content\/uploads\/2016\/07\/Jugendlager-03-300x169.jpg\" alt=\"Jugendlager-03\" srcset=\"https:\/\/www.ff-oepping.at\/cms\/wp-content\/uploads\/2016\/07\/Jugendlager-03-300x169.jpg 300w, https:\/\/www.ff-oepping.at\/cms\/wp-content\/uploads\/2016\/07\/Jugendlager-03-1024x577.jpg 1024w, https:\/\/www.ff-oepping.at\/cms\/wp-content\/uploads\/2016\/07\/Jugendlager-03-768x433.jpg 768w, https:\/\/www.ff-oepping.at\/cms\/wp-content\/uploads\/2016\/07\/Jugendlager-03.jpg 1200w\" sizes=\"auto, (max-width: 300px) 100vw, 300px\" \/><\/a> <a href=\"http:\/\/www.ff-oepping.at\/cms\/wp-content\/uploads\/2016\/07\/Jugendlager-01.jpg\" data-rel=\"lightbox-gallery-W2DyZOuo\" data-rl_title=\"\" data-rl_caption=\"\" title=\"\"><img loading=\"lazy\" decoding=\"async\" width=\"300\" height=\"169\" class=\"alignnone size-medium wp-image-6650\" src=\"http:\/\/www.ff-oepping.at\/cms\/wp-content\/uploads\/2016\/07\/Jugendlager-01-300x169.jpg\" alt=\"Jugendlager-01\" srcset=\"https:\/\/www.ff-oepping.at\/cms\/wp-content\/uploads\/2016\/07\/Jugendlager-01-300x169.jpg 300w, https:\/\/www.ff-oepping.at\/cms\/wp-content\/uploads\/2016\/07\/Jugendlager-01-1024x577.jpg 1024w, https:\/\/www.ff-oepping.at\/cms\/wp-content\/uploads\/2016\/07\/Jugendlager-01-768x433.jpg 768w, https:\/\/www.ff-oepping.at\/cms\/wp-content\/uploads\/2016\/07\/Jugendlager-01.jpg 1200w\" sizes=\"auto, (max-width: 300px) 100vw, 300px\" \/><\/a> <a href=\"http:\/\/www.ff-oepping.at\/cms\/wp-content\/uploads\/2016\/07\/Jugendlager-02.jpg\" data-rel=\"lightbox-gallery-W2DyZOuo\" data-rl_title=\"\" data-rl_caption=\"\" title=\"\"><img loading=\"lazy\" decoding=\"async\" width=\"300\" height=\"169\" class=\"alignnone size-medium wp-image-6651\" src=\"http:\/\/www.ff-oepping.at\/cms\/wp-content\/uploads\/2016\/07\/Jugendlager-02-300x169.jpg\" alt=\"Jugendlager-02\" srcset=\"https:\/\/www.ff-oepping.at\/cms\/wp-content\/uploads\/2016\/07\/Jugendlager-02-300x169.jpg 300w, https:\/\/www.ff-oepping.at\/cms\/wp-content\/uploads\/2016\/07\/Jugendlager-02-1024x577.jpg 1024w, https:\/\/www.ff-oepping.at\/cms\/wp-content\/uploads\/2016\/07\/Jugendlager-02-768x433.jpg 768w, https:\/\/www.ff-oepping.at\/cms\/wp-content\/uploads\/2016\/07\/Jugendlager-02.jpg 1200w\" sizes=\"auto, (max-width: 300px) 100vw, 300px\" \/><\/a><br \/>\nAm letzten Tag, am Sonntag gab es noch Rennmotorr\u00e4der, Gokarts, Seitenwagen und einen Formel 3 Boliden aus n\u00e4chster N\u00e4he zu bestaunen.<\/p>\n","protected":false},"excerpt":{"rendered":"<p>Alle zwei Jahre wird vom Bezirksfeuerwehrkommando Rohrbach ein gro\u00dfes Jugendlager veranstaltet, welches dieses Jahr in Ulrichsberg stattgefunden hat. Mehr als 500 Kinder und Jugendliche von den umliegenden Feuerwehren, sowohl als&hellip;<\/p>\n","protected":false},"author":5,"featured_media":6648,"comment_status":"closed","ping_status":"closed","sticky":false,"template":"","format":"standard","meta":{"footnotes":""},"categories":[40,21],"tags":[],"class_list":["post-6626","post","type-post","status-publish","format-standard","has-post-thumbnail","hentry","category-aktivitaeten","category-jugend"],"views":2223,"wps_subtitle":"22. bis 24. Juli 2016","_links":{"self":[{"href":"https:\/\/www.ff-oepping.at\/cms\/wp-json\/wp\/v2\/posts\/6626","targetHints":{"allow":["GET"]}}],"collection":[{"href":"https:\/\/www.ff-oepping.at\/cms\/wp-json\/wp\/v2\/posts"}],"about":[{"href":"https:\/\/www.ff-oepping.at\/cms\/wp-json\/wp\/v2\/types\/post"}],"author":[{"embeddable":true,"href":"https:\/\/www.ff-oepping.at\/cms\/wp-json\/wp\/v2\/users\/5"}],"replies":[{"embeddable":true,"href":"https:\/\/www.ff-oepping.at\/cms\/wp-json\/wp\/v2\/comments?post=6626"}],"version-history":[{"count":1,"href":"https:\/\/www.ff-oepping.at\/cms\/wp-json\/wp\/v2\/posts\/6626\/revisions"}],"predecessor-version":[{"id":9981,"href":"https:\/\/www.ff-oepping.at\/cms\/wp-json\/wp\/v2\/posts\/6626\/revisions\/9981"}],"wp:featuredmedia":[{"embeddable":true,"href":"https:\/\/www.ff-oepping.at\/cms\/wp-json\/wp\/v2\/media\/6648"}],"wp:attachment":[{"href":"https:\/\/www.ff-oepping.at\/cms\/wp-json\/wp\/v2\/media?parent=6626"}],"wp:term":[{"taxonomy":"category","embeddable":true,"href":"https:\/\/www.ff-oepping.at\/cms\/wp-json\/wp\/v2\/categories?post=6626"},{"taxonomy":"post_tag","embeddable":true,"href":"https:\/\/www.ff-oepping.at\/cms\/wp-json\/wp\/v2\/tags?post=6626"}],"curies":[{"name":"wp","href":"https:\/\/api.w.org\/{rel}","templated":true}]}}