{"id":8945,"date":"2019-04-13T18:19:16","date_gmt":"2019-04-13T16:19:16","guid":{"rendered":"https:\/\/www.ff-oepping.at\/wp\/?p=8945"},"modified":"2019-04-13T18:19:16","modified_gmt":"2019-04-13T16:19:16","slug":"lueftungsbrand-in-arnreiter-metallverarbeitungsbetrieb","status":"publish","type":"post","link":"https:\/\/www.ff-oepping.at\/cms\/die-feuerwehr\/ubungen\/lueftungsbrand-in-arnreiter-metallverarbeitungsbetrieb\/","title":{"rendered":"L\u00fcftungsbrand in Arnreiter Metallverarbeitungsbetrieb fordert die Einsatzkr\u00e4fte"},"content":{"rendered":"\n<p>Da die Feuerwehr Arnreit ihre diesj\u00e4hrige Fr\u00fchjahrs\u00fcbung auf breitere Beine stellte und daraus eine Alarmstufe-2-\u00dcbung machte, hie\u00df es f\u00fcr unsere Kameraden am Samstag den 13. April um kurz nach halb Zwei, ins Kleinl\u00f6schfahrzeug zu springen. <\/p>\n\n\n<p>Am Einsatzort angekommen, herrschte bereits gro\u00dfer Trubel. So musste sich der Gruppenkommandant mit seinem Melder erstmals bei der Einsatzleitstelle einfinden. <\/p>\n\n\n<p>Nachdem von dieser der Auftrag zur Unterst\u00fczung bei der Zubringleitung, welche von der Feuerwehr Sprinzenstein errichtet wurde, kam, ging es los. Bei der bereits im Aufbau befindlichen L\u00f6schleitung der Nachbarfeuerwehr, wurde unsere Tragkraftspritze eingebaut und anschlie\u00dfend der Schlauchcontainer des L\u00f6schfahrzeuges Richtung Brandherd, zur Speisung der an forderster Front k\u00e4mpfenden Feuerwehren entleert, um die Wasserversorgung dieser sicherzustellen.<\/p>\n\n\n<p>Nach rund einer Stunde, hie\u00df es von der Einsatzleitung &#8222;Brand aus&#8220; und somit \u00dcbungsende. Im Anschluss ging es noch zur Nachbesprechung ins Feuerwehrhaus Arnreit.<\/p>\n\n\n<p>Danke an die Feuerwehr Arnreit f\u00fcr die Einladung zu dieser \u00dcbung.<\/p>\n\n\n<p>Bericht auf der Website des Bezirs-Feuerwehrkommandos:<br \/><a rel=\"noreferrer noopener\" aria-label=\"https:\/\/ro.ooelfv.at\/aktuelles\/beitrag\/lueftungsbrand-in-arnreiter-metallverarbeitungsbetrieb-forderte-die-einsatzkraefte\/ (\u00f6ffnet in neuem Tab)\" href=\"https:\/\/ro.ooelfv.at\/aktuelles\/beitrag\/lueftungsbrand-in-arnreiter-metallverarbeitungsbetrieb-forderte-die-einsatzkraefte\/\" target=\"_blank\">https:\/\/ro.ooelfv.at\/aktuelles\/beitrag\/lueftungsbrand-in-arnreiter-metallverarbeitungsbetrieb-forderte-die-einsatzkraefte\/<\/a><\/p>\n\n\n<div style=\"height:20px\" aria-hidden=\"true\" class=\"wp-block-spacer\"><\/div>\n\n\n<ul class=\"wp-block-gallery columns-3 is-cropped wp-block-gallery-1 is-layout-flex wp-block-gallery-is-layout-flex\"><li class=\"blocks-gallery-item\"><figure><a href=\"https:\/\/www.ff-oepping.at\/cms\/wp-content\/uploads\/2019\/04\/2019-04-13_ALST2_Uebung_Arnreit_8-1024x682.jpeg\" data-rel=\"lightbox-gallery-Ah3irnVn\" data-rl_title=\"\" data-rl_caption=\"\" title=\"\"><img loading=\"lazy\" decoding=\"async\" width=\"1024\" height=\"682\" src=\"https:\/\/www.ff-oepping.at\/cms\/wp-content\/uploads\/2019\/04\/2019-04-13_ALST2_Uebung_Arnreit_8-1024x682.jpeg\" alt=\"\" data-id=\"8950\" data-link=\"https:\/\/www.ff-oepping.at\/cms\/die-feuerwehr\/ubungen\/lueftungsbrand-in-arnreiter-metallverarbeitungsbetrieb\/attachment\/2019-04-13_alst2_uebung_arnreit_8\/\" class=\"wp-image-8950\" srcset=\"https:\/\/www.ff-oepping.at\/cms\/wp-content\/uploads\/2019\/04\/2019-04-13_ALST2_Uebung_Arnreit_8-1024x682.jpeg 1024w, https:\/\/www.ff-oepping.at\/cms\/wp-content\/uploads\/2019\/04\/2019-04-13_ALST2_Uebung_Arnreit_8-300x200.jpeg 300w, https:\/\/www.ff-oepping.at\/cms\/wp-content\/uploads\/2019\/04\/2019-04-13_ALST2_Uebung_Arnreit_8-768x512.jpeg 768w, https:\/\/www.ff-oepping.at\/cms\/wp-content\/uploads\/2019\/04\/2019-04-13_ALST2_Uebung_Arnreit_8-1536x1024.jpeg 1536w, https:\/\/www.ff-oepping.at\/cms\/wp-content\/uploads\/2019\/04\/2019-04-13_ALST2_Uebung_Arnreit_8-2048x1365.jpeg 2048w\" sizes=\"auto, (max-width: 1024px) 100vw, 1024px\" \/><\/a><\/figure><\/li><li class=\"blocks-gallery-item\"><figure><a href=\"https:\/\/www.ff-oepping.at\/cms\/wp-content\/uploads\/2019\/04\/2019-04-13_ALST2_Uebung_Arnreit_2-1024x682.jpeg\" data-rel=\"lightbox-gallery-Ah3irnVn\" data-rl_title=\"\" data-rl_caption=\"\" title=\"\"><img loading=\"lazy\" decoding=\"async\" width=\"1024\" height=\"682\" src=\"https:\/\/www.ff-oepping.at\/cms\/wp-content\/uploads\/2019\/04\/2019-04-13_ALST2_Uebung_Arnreit_2-1024x682.jpeg\" alt=\"\" data-id=\"8952\" data-link=\"https:\/\/www.ff-oepping.at\/cms\/die-feuerwehr\/ubungen\/lueftungsbrand-in-arnreiter-metallverarbeitungsbetrieb\/attachment\/2019-04-13_alst2_uebung_arnreit_2\/\" class=\"wp-image-8952\" srcset=\"https:\/\/www.ff-oepping.at\/cms\/wp-content\/uploads\/2019\/04\/2019-04-13_ALST2_Uebung_Arnreit_2-1024x682.jpeg 1024w, https:\/\/www.ff-oepping.at\/cms\/wp-content\/uploads\/2019\/04\/2019-04-13_ALST2_Uebung_Arnreit_2-300x200.jpeg 300w, https:\/\/www.ff-oepping.at\/cms\/wp-content\/uploads\/2019\/04\/2019-04-13_ALST2_Uebung_Arnreit_2-768x512.jpeg 768w, https:\/\/www.ff-oepping.at\/cms\/wp-content\/uploads\/2019\/04\/2019-04-13_ALST2_Uebung_Arnreit_2-1536x1024.jpeg 1536w, https:\/\/www.ff-oepping.at\/cms\/wp-content\/uploads\/2019\/04\/2019-04-13_ALST2_Uebung_Arnreit_2-2048x1365.jpeg 2048w\" sizes=\"auto, (max-width: 1024px) 100vw, 1024px\" \/><\/a><\/figure><\/li><li class=\"blocks-gallery-item\"><figure><a href=\"https:\/\/www.ff-oepping.at\/cms\/wp-content\/uploads\/2019\/04\/2019-04-13_ALST2_Uebung_Arnreit_4-1024x682.jpeg\" data-rel=\"lightbox-gallery-Ah3irnVn\" data-rl_title=\"\" data-rl_caption=\"\" title=\"\"><img loading=\"lazy\" decoding=\"async\" width=\"1024\" height=\"682\" src=\"https:\/\/www.ff-oepping.at\/cms\/wp-content\/uploads\/2019\/04\/2019-04-13_ALST2_Uebung_Arnreit_4-1024x682.jpeg\" alt=\"\" data-id=\"8954\" data-link=\"https:\/\/www.ff-oepping.at\/cms\/die-feuerwehr\/ubungen\/lueftungsbrand-in-arnreiter-metallverarbeitungsbetrieb\/attachment\/2019-04-13_alst2_uebung_arnreit_4\/\" class=\"wp-image-8954\" srcset=\"https:\/\/www.ff-oepping.at\/cms\/wp-content\/uploads\/2019\/04\/2019-04-13_ALST2_Uebung_Arnreit_4-1024x682.jpeg 1024w, https:\/\/www.ff-oepping.at\/cms\/wp-content\/uploads\/2019\/04\/2019-04-13_ALST2_Uebung_Arnreit_4-300x200.jpeg 300w, https:\/\/www.ff-oepping.at\/cms\/wp-content\/uploads\/2019\/04\/2019-04-13_ALST2_Uebung_Arnreit_4-768x512.jpeg 768w, https:\/\/www.ff-oepping.at\/cms\/wp-content\/uploads\/2019\/04\/2019-04-13_ALST2_Uebung_Arnreit_4-1536x1024.jpeg 1536w, https:\/\/www.ff-oepping.at\/cms\/wp-content\/uploads\/2019\/04\/2019-04-13_ALST2_Uebung_Arnreit_4-2048x1365.jpeg 2048w\" sizes=\"auto, (max-width: 1024px) 100vw, 1024px\" \/><\/a><\/figure><\/li><li class=\"blocks-gallery-item\"><figure><a href=\"https:\/\/www.ff-oepping.at\/cms\/wp-content\/uploads\/2019\/04\/2019-04-13_ALST2_Uebung_Arnreit_3-1024x682.jpeg\" data-rel=\"lightbox-gallery-Ah3irnVn\" data-rl_title=\"\" data-rl_caption=\"\" title=\"\"><img loading=\"lazy\" decoding=\"async\" width=\"1024\" height=\"682\" src=\"https:\/\/www.ff-oepping.at\/cms\/wp-content\/uploads\/2019\/04\/2019-04-13_ALST2_Uebung_Arnreit_3-1024x682.jpeg\" alt=\"\" data-id=\"8953\" data-link=\"https:\/\/www.ff-oepping.at\/cms\/die-feuerwehr\/ubungen\/lueftungsbrand-in-arnreiter-metallverarbeitungsbetrieb\/attachment\/2019-04-13_alst2_uebung_arnreit_3\/\" class=\"wp-image-8953\" srcset=\"https:\/\/www.ff-oepping.at\/cms\/wp-content\/uploads\/2019\/04\/2019-04-13_ALST2_Uebung_Arnreit_3-1024x682.jpeg 1024w, https:\/\/www.ff-oepping.at\/cms\/wp-content\/uploads\/2019\/04\/2019-04-13_ALST2_Uebung_Arnreit_3-300x200.jpeg 300w, https:\/\/www.ff-oepping.at\/cms\/wp-content\/uploads\/2019\/04\/2019-04-13_ALST2_Uebung_Arnreit_3-768x512.jpeg 768w, https:\/\/www.ff-oepping.at\/cms\/wp-content\/uploads\/2019\/04\/2019-04-13_ALST2_Uebung_Arnreit_3-1536x1024.jpeg 1536w, https:\/\/www.ff-oepping.at\/cms\/wp-content\/uploads\/2019\/04\/2019-04-13_ALST2_Uebung_Arnreit_3-2048x1365.jpeg 2048w\" sizes=\"auto, (max-width: 1024px) 100vw, 1024px\" \/><\/a><\/figure><\/li><li class=\"blocks-gallery-item\"><figure><a href=\"https:\/\/www.ff-oepping.at\/cms\/wp-content\/uploads\/2019\/04\/2019-04-13_ALST2_Uebung_Arnreit_5-1024x682.jpeg\" data-rel=\"lightbox-gallery-Ah3irnVn\" data-rl_title=\"\" data-rl_caption=\"\" title=\"\"><img loading=\"lazy\" decoding=\"async\" width=\"1024\" height=\"682\" src=\"https:\/\/www.ff-oepping.at\/cms\/wp-content\/uploads\/2019\/04\/2019-04-13_ALST2_Uebung_Arnreit_5-1024x682.jpeg\" alt=\"\" data-id=\"8955\" data-link=\"https:\/\/www.ff-oepping.at\/cms\/die-feuerwehr\/ubungen\/lueftungsbrand-in-arnreiter-metallverarbeitungsbetrieb\/attachment\/2019-04-13_alst2_uebung_arnreit_5\/\" class=\"wp-image-8955\" srcset=\"https:\/\/www.ff-oepping.at\/cms\/wp-content\/uploads\/2019\/04\/2019-04-13_ALST2_Uebung_Arnreit_5-1024x682.jpeg 1024w, https:\/\/www.ff-oepping.at\/cms\/wp-content\/uploads\/2019\/04\/2019-04-13_ALST2_Uebung_Arnreit_5-300x200.jpeg 300w, https:\/\/www.ff-oepping.at\/cms\/wp-content\/uploads\/2019\/04\/2019-04-13_ALST2_Uebung_Arnreit_5-768x512.jpeg 768w, https:\/\/www.ff-oepping.at\/cms\/wp-content\/uploads\/2019\/04\/2019-04-13_ALST2_Uebung_Arnreit_5-1536x1024.jpeg 1536w, https:\/\/www.ff-oepping.at\/cms\/wp-content\/uploads\/2019\/04\/2019-04-13_ALST2_Uebung_Arnreit_5-2048x1365.jpeg 2048w\" sizes=\"auto, (max-width: 1024px) 100vw, 1024px\" \/><\/a><\/figure><\/li><li class=\"blocks-gallery-item\"><figure><a href=\"https:\/\/www.ff-oepping.at\/cms\/wp-content\/uploads\/2019\/04\/2019-04-13_ALST2_Uebung_Arnreit_6-1024x682.jpeg\" data-rel=\"lightbox-gallery-Ah3irnVn\" data-rl_title=\"\" data-rl_caption=\"\" title=\"\"><img loading=\"lazy\" decoding=\"async\" width=\"1024\" height=\"682\" src=\"https:\/\/www.ff-oepping.at\/cms\/wp-content\/uploads\/2019\/04\/2019-04-13_ALST2_Uebung_Arnreit_6-1024x682.jpeg\" alt=\"\" data-id=\"8956\" data-link=\"https:\/\/www.ff-oepping.at\/cms\/die-feuerwehr\/ubungen\/lueftungsbrand-in-arnreiter-metallverarbeitungsbetrieb\/attachment\/2019-04-13_alst2_uebung_arnreit_6\/\" class=\"wp-image-8956\" srcset=\"https:\/\/www.ff-oepping.at\/cms\/wp-content\/uploads\/2019\/04\/2019-04-13_ALST2_Uebung_Arnreit_6-1024x682.jpeg 1024w, https:\/\/www.ff-oepping.at\/cms\/wp-content\/uploads\/2019\/04\/2019-04-13_ALST2_Uebung_Arnreit_6-300x200.jpeg 300w, https:\/\/www.ff-oepping.at\/cms\/wp-content\/uploads\/2019\/04\/2019-04-13_ALST2_Uebung_Arnreit_6-768x512.jpeg 768w, https:\/\/www.ff-oepping.at\/cms\/wp-content\/uploads\/2019\/04\/2019-04-13_ALST2_Uebung_Arnreit_6-1536x1024.jpeg 1536w, https:\/\/www.ff-oepping.at\/cms\/wp-content\/uploads\/2019\/04\/2019-04-13_ALST2_Uebung_Arnreit_6-2048x1365.jpeg 2048w\" sizes=\"auto, (max-width: 1024px) 100vw, 1024px\" \/><\/a><\/figure><\/li><li class=\"blocks-gallery-item\"><figure><a href=\"https:\/\/www.ff-oepping.at\/cms\/wp-content\/uploads\/2019\/04\/2019-04-13_ALST2_Uebung_Arnreit_7-1024x682.jpeg\" data-rel=\"lightbox-gallery-Ah3irnVn\" data-rl_title=\"\" data-rl_caption=\"\" title=\"\"><img loading=\"lazy\" decoding=\"async\" width=\"1024\" height=\"682\" src=\"https:\/\/www.ff-oepping.at\/cms\/wp-content\/uploads\/2019\/04\/2019-04-13_ALST2_Uebung_Arnreit_7-1024x682.jpeg\" alt=\"\" data-id=\"8957\" data-link=\"https:\/\/www.ff-oepping.at\/cms\/die-feuerwehr\/ubungen\/lueftungsbrand-in-arnreiter-metallverarbeitungsbetrieb\/attachment\/2019-04-13_alst2_uebung_arnreit_7\/\" class=\"wp-image-8957\" srcset=\"https:\/\/www.ff-oepping.at\/cms\/wp-content\/uploads\/2019\/04\/2019-04-13_ALST2_Uebung_Arnreit_7-1024x682.jpeg 1024w, https:\/\/www.ff-oepping.at\/cms\/wp-content\/uploads\/2019\/04\/2019-04-13_ALST2_Uebung_Arnreit_7-300x200.jpeg 300w, https:\/\/www.ff-oepping.at\/cms\/wp-content\/uploads\/2019\/04\/2019-04-13_ALST2_Uebung_Arnreit_7-768x512.jpeg 768w, https:\/\/www.ff-oepping.at\/cms\/wp-content\/uploads\/2019\/04\/2019-04-13_ALST2_Uebung_Arnreit_7-1536x1024.jpeg 1536w, https:\/\/www.ff-oepping.at\/cms\/wp-content\/uploads\/2019\/04\/2019-04-13_ALST2_Uebung_Arnreit_7-2048x1365.jpeg 2048w\" sizes=\"auto, (max-width: 1024px) 100vw, 1024px\" \/><\/a><\/figure><\/li><li class=\"blocks-gallery-item\"><figure><a href=\"https:\/\/www.ff-oepping.at\/cms\/wp-content\/uploads\/2019\/04\/2019-04-13_ALST2_Uebung_Arnreit_1-1024x682.jpeg\" data-rel=\"lightbox-gallery-Ah3irnVn\" data-rl_title=\"\" data-rl_caption=\"\" title=\"\"><img loading=\"lazy\" decoding=\"async\" width=\"1024\" height=\"682\" src=\"https:\/\/www.ff-oepping.at\/cms\/wp-content\/uploads\/2019\/04\/2019-04-13_ALST2_Uebung_Arnreit_1-1024x682.jpeg\" alt=\"\" data-id=\"8951\" data-link=\"https:\/\/www.ff-oepping.at\/cms\/die-feuerwehr\/ubungen\/lueftungsbrand-in-arnreiter-metallverarbeitungsbetrieb\/attachment\/2019-04-13_alst2_uebung_arnreit_1\/\" class=\"wp-image-8951\" srcset=\"https:\/\/www.ff-oepping.at\/cms\/wp-content\/uploads\/2019\/04\/2019-04-13_ALST2_Uebung_Arnreit_1-1024x682.jpeg 1024w, https:\/\/www.ff-oepping.at\/cms\/wp-content\/uploads\/2019\/04\/2019-04-13_ALST2_Uebung_Arnreit_1-300x200.jpeg 300w, https:\/\/www.ff-oepping.at\/cms\/wp-content\/uploads\/2019\/04\/2019-04-13_ALST2_Uebung_Arnreit_1-768x512.jpeg 768w, https:\/\/www.ff-oepping.at\/cms\/wp-content\/uploads\/2019\/04\/2019-04-13_ALST2_Uebung_Arnreit_1-1536x1024.jpeg 1536w, https:\/\/www.ff-oepping.at\/cms\/wp-content\/uploads\/2019\/04\/2019-04-13_ALST2_Uebung_Arnreit_1-2048x1365.jpeg 2048w\" sizes=\"auto, (max-width: 1024px) 100vw, 1024px\" \/><\/a><\/figure><\/li><\/ul>\n","protected":false},"excerpt":{"rendered":"<p>Da die Feuerwehr Arnreit ihre diesj\u00e4hrige Fr\u00fchjahrs\u00fcbung auf breitere Beine stellte und daraus eine Alarmstufe-2-\u00dcbung machte, hie\u00df es f\u00fcr unsere Kameraden am Samstag den 13. April um kurz nach halb&hellip;<\/p>\n","protected":false},"author":3,"featured_media":8949,"comment_status":"closed","ping_status":"closed","sticky":false,"template":"","format":"standard","meta":{"footnotes":""},"categories":[38],"tags":[],"class_list":["post-8945","post","type-post","status-publish","format-standard","has-post-thumbnail","hentry","category-ubungen"],"views":1205,"wps_subtitle":"13. April 2019","_links":{"self":[{"href":"https:\/\/www.ff-oepping.at\/cms\/wp-json\/wp\/v2\/posts\/8945","targetHints":{"allow":["GET"]}}],"collection":[{"href":"https:\/\/www.ff-oepping.at\/cms\/wp-json\/wp\/v2\/posts"}],"about":[{"href":"https:\/\/www.ff-oepping.at\/cms\/wp-json\/wp\/v2\/types\/post"}],"author":[{"embeddable":true,"href":"https:\/\/www.ff-oepping.at\/cms\/wp-json\/wp\/v2\/users\/3"}],"replies":[{"embeddable":true,"href":"https:\/\/www.ff-oepping.at\/cms\/wp-json\/wp\/v2\/comments?post=8945"}],"version-history":[{"count":0,"href":"https:\/\/www.ff-oepping.at\/cms\/wp-json\/wp\/v2\/posts\/8945\/revisions"}],"wp:featuredmedia":[{"embeddable":true,"href":"https:\/\/www.ff-oepping.at\/cms\/wp-json\/wp\/v2\/media\/8949"}],"wp:attachment":[{"href":"https:\/\/www.ff-oepping.at\/cms\/wp-json\/wp\/v2\/media?parent=8945"}],"wp:term":[{"taxonomy":"category","embeddable":true,"href":"https:\/\/www.ff-oepping.at\/cms\/wp-json\/wp\/v2\/categories?post=8945"},{"taxonomy":"post_tag","embeddable":true,"href":"https:\/\/www.ff-oepping.at\/cms\/wp-json\/wp\/v2\/tags?post=8945"}],"curies":[{"name":"wp","href":"https:\/\/api.w.org\/{rel}","templated":true}]}}