{"id":9012,"date":"2019-04-26T14:14:06","date_gmt":"2019-04-26T12:14:06","guid":{"rendered":"https:\/\/www.ff-oepping.at\/wp\/?p=9012"},"modified":"2019-04-26T14:14:06","modified_gmt":"2019-04-26T12:14:06","slug":"brand-im-oeppinger-ortsgebiet","status":"publish","type":"post","link":"https:\/\/www.ff-oepping.at\/cms\/die-feuerwehr\/ubungen\/brand-im-oeppinger-ortsgebiet\/","title":{"rendered":"Brand im Oeppinger Ortsgebiet"},"content":{"rendered":"\n<p>Im Zuge der Monats- bzw. Fr\u00fchjahrs\u00fcbung wurde dieses Mal ein Brand bei einer ehemaligen Kleinlandwirtschaft mitten im Ortsgebiet von Oepping angenommen. Durch die Situierung des \u00dcbungsobjekts und den baulichen Gegebenheiten vor Ort entstanden durchaus so einige Herausforderungen.<\/p>\n\n\n<p><strong>K\u00fcchenbrand in der Berggasse 1<\/strong><br \/>W\u00e4hrend der Anfahrt r\u00fcstete sich bereits ein Atemschutztrupp mit schweren Atemschutz aus. Am Einsatzort angelangt erfuhr der Einsatzleiter, dass sich in dem Geb\u00e4ude noch Personen befinden und diese gerettet werden m\u00fcssen. Durch den Atemschutztrupp wurden die R\u00e4umlichkeiten des gegenst\u00e4ndlichen Objektes abgesucht und die vermissten Personen ins Freie verbracht.<\/p>\n\n\n<ul class=\"wp-block-gallery columns-2 is-cropped wp-block-gallery-1 is-layout-flex wp-block-gallery-is-layout-flex\"><li class=\"blocks-gallery-item\"><figure><a href=\"https:\/\/www.ff-oepping.at\/cms\/wp-content\/uploads\/2019\/04\/2019-04-25_Fr\u00fchjahrs\u00fcbung-01-1024x684.jpg\" data-rel=\"lightbox-gallery-XD4PJbsb\" data-rl_title=\"\" data-rl_caption=\"\" title=\"\"><img loading=\"lazy\" decoding=\"async\" width=\"1024\" height=\"684\" src=\"https:\/\/www.ff-oepping.at\/cms\/wp-content\/uploads\/2019\/04\/2019-04-25_Fr\u00fchjahrs\u00fcbung-01-1024x684.jpg\" alt=\"\" data-id=\"9025\" data-link=\"https:\/\/www.ff-oepping.at\/cms\/?attachment_id=9025\" class=\"wp-image-9025\" srcset=\"https:\/\/www.ff-oepping.at\/cms\/wp-content\/uploads\/2019\/04\/2019-04-25_Fr\u00fchjahrs\u00fcbung-01-1024x684.jpg 1024w, https:\/\/www.ff-oepping.at\/cms\/wp-content\/uploads\/2019\/04\/2019-04-25_Fr\u00fchjahrs\u00fcbung-01-300x200.jpg 300w, https:\/\/www.ff-oepping.at\/cms\/wp-content\/uploads\/2019\/04\/2019-04-25_Fr\u00fchjahrs\u00fcbung-01-768x513.jpg 768w, https:\/\/www.ff-oepping.at\/cms\/wp-content\/uploads\/2019\/04\/2019-04-25_Fr\u00fchjahrs\u00fcbung-01-1536x1025.jpg 1536w, https:\/\/www.ff-oepping.at\/cms\/wp-content\/uploads\/2019\/04\/2019-04-25_Fr\u00fchjahrs\u00fcbung-01-2048x1367.jpg 2048w\" sizes=\"auto, (max-width: 1024px) 100vw, 1024px\" \/><\/a><\/figure><\/li><li class=\"blocks-gallery-item\"><figure><a href=\"https:\/\/www.ff-oepping.at\/cms\/wp-content\/uploads\/2019\/04\/2019-04-25_Fr\u00fchjahrs\u00fcbung-02-1024x684.jpg\" data-rel=\"lightbox-gallery-XD4PJbsb\" data-rl_title=\"\" data-rl_caption=\"\" title=\"\"><img loading=\"lazy\" decoding=\"async\" width=\"1024\" height=\"684\" src=\"https:\/\/www.ff-oepping.at\/cms\/wp-content\/uploads\/2019\/04\/2019-04-25_Fr\u00fchjahrs\u00fcbung-02-1024x684.jpg\" alt=\"\" data-id=\"9026\" data-link=\"https:\/\/www.ff-oepping.at\/cms\/?attachment_id=9026\" class=\"wp-image-9026\" srcset=\"https:\/\/www.ff-oepping.at\/cms\/wp-content\/uploads\/2019\/04\/2019-04-25_Fr\u00fchjahrs\u00fcbung-02-1024x684.jpg 1024w, https:\/\/www.ff-oepping.at\/cms\/wp-content\/uploads\/2019\/04\/2019-04-25_Fr\u00fchjahrs\u00fcbung-02-300x200.jpg 300w, https:\/\/www.ff-oepping.at\/cms\/wp-content\/uploads\/2019\/04\/2019-04-25_Fr\u00fchjahrs\u00fcbung-02-768x513.jpg 768w, https:\/\/www.ff-oepping.at\/cms\/wp-content\/uploads\/2019\/04\/2019-04-25_Fr\u00fchjahrs\u00fcbung-02-1536x1025.jpg 1536w, https:\/\/www.ff-oepping.at\/cms\/wp-content\/uploads\/2019\/04\/2019-04-25_Fr\u00fchjahrs\u00fcbung-02-2048x1367.jpg 2048w\" sizes=\"auto, (max-width: 1024px) 100vw, 1024px\" \/><\/a><\/figure><\/li><\/ul>\n\n\n<p>Zur Versorgung des Tankl\u00f6schfahrzeuges war es notwendig, durch das Ortsgebiet eine 100 m lange L\u00f6schleitung zum n\u00e4chstengelegenen Hydranten herzustellen. Von diesem wurde mittels der Tragkraftspritze das Wasser zum Einsatzort bef\u00f6rdert, wo auch bereits mit dem Au\u00dfenangriff am Geb\u00e4ude begonnen wurde.<\/p>\n\n\n<ul class=\"wp-block-gallery columns-2 is-cropped wp-block-gallery-2 is-layout-flex wp-block-gallery-is-layout-flex\"><li class=\"blocks-gallery-item\"><figure><a href=\"https:\/\/www.ff-oepping.at\/cms\/wp-content\/uploads\/2019\/04\/2019-04-25_Fr\u00fchjahrs\u00fcbung-05-1024x684.jpg\" data-rel=\"lightbox-gallery-XD4PJbsb\" data-rl_title=\"\" data-rl_caption=\"\" title=\"\"><img loading=\"lazy\" decoding=\"async\" width=\"1024\" height=\"684\" src=\"https:\/\/www.ff-oepping.at\/cms\/wp-content\/uploads\/2019\/04\/2019-04-25_Fr\u00fchjahrs\u00fcbung-05-1024x684.jpg\" alt=\"\" data-id=\"9024\" data-link=\"https:\/\/www.ff-oepping.at\/cms\/?attachment_id=9024\" class=\"wp-image-9024\" srcset=\"https:\/\/www.ff-oepping.at\/cms\/wp-content\/uploads\/2019\/04\/2019-04-25_Fr\u00fchjahrs\u00fcbung-05-1024x684.jpg 1024w, https:\/\/www.ff-oepping.at\/cms\/wp-content\/uploads\/2019\/04\/2019-04-25_Fr\u00fchjahrs\u00fcbung-05-300x200.jpg 300w, https:\/\/www.ff-oepping.at\/cms\/wp-content\/uploads\/2019\/04\/2019-04-25_Fr\u00fchjahrs\u00fcbung-05-768x513.jpg 768w, https:\/\/www.ff-oepping.at\/cms\/wp-content\/uploads\/2019\/04\/2019-04-25_Fr\u00fchjahrs\u00fcbung-05-1536x1025.jpg 1536w, https:\/\/www.ff-oepping.at\/cms\/wp-content\/uploads\/2019\/04\/2019-04-25_Fr\u00fchjahrs\u00fcbung-05-2048x1367.jpg 2048w\" sizes=\"auto, (max-width: 1024px) 100vw, 1024px\" \/><\/a><\/figure><\/li><li class=\"blocks-gallery-item\"><figure><a href=\"https:\/\/www.ff-oepping.at\/cms\/wp-content\/uploads\/2019\/04\/2019-04-25_Fr\u00fchjahrs\u00fcbung-03-1024x684.jpg\" data-rel=\"lightbox-gallery-XD4PJbsb\" data-rl_title=\"\" data-rl_caption=\"\" title=\"\"><img loading=\"lazy\" decoding=\"async\" width=\"1024\" height=\"684\" src=\"https:\/\/www.ff-oepping.at\/cms\/wp-content\/uploads\/2019\/04\/2019-04-25_Fr\u00fchjahrs\u00fcbung-03-1024x684.jpg\" alt=\"\" data-id=\"9027\" data-link=\"https:\/\/www.ff-oepping.at\/cms\/?attachment_id=9027\" class=\"wp-image-9027\" srcset=\"https:\/\/www.ff-oepping.at\/cms\/wp-content\/uploads\/2019\/04\/2019-04-25_Fr\u00fchjahrs\u00fcbung-03-1024x684.jpg 1024w, https:\/\/www.ff-oepping.at\/cms\/wp-content\/uploads\/2019\/04\/2019-04-25_Fr\u00fchjahrs\u00fcbung-03-300x200.jpg 300w, https:\/\/www.ff-oepping.at\/cms\/wp-content\/uploads\/2019\/04\/2019-04-25_Fr\u00fchjahrs\u00fcbung-03-768x513.jpg 768w, https:\/\/www.ff-oepping.at\/cms\/wp-content\/uploads\/2019\/04\/2019-04-25_Fr\u00fchjahrs\u00fcbung-03-1536x1025.jpg 1536w, https:\/\/www.ff-oepping.at\/cms\/wp-content\/uploads\/2019\/04\/2019-04-25_Fr\u00fchjahrs\u00fcbung-03-2048x1367.jpg 2048w\" sizes=\"auto, (max-width: 1024px) 100vw, 1024px\" \/><\/a><\/figure><\/li><\/ul>\n\n\n<p>Zum Abschluss wurde noch mit dem Hochleistungsl\u00fcfter das Geb\u00e4ude bel\u00fcftet um dieses rauchfrei zu bekommen.<\/p>\n\n\n<ul class=\"wp-block-gallery columns-1 is-cropped wp-block-gallery-3 is-layout-flex wp-block-gallery-is-layout-flex\"><li class=\"blocks-gallery-item\"><figure><a href=\"https:\/\/www.ff-oepping.at\/cms\/wp-content\/uploads\/2019\/04\/2019-04-25_Fr\u00fchjahrs\u00fcbung-04-1024x684.jpg\" data-rel=\"lightbox-gallery-XD4PJbsb\" data-rl_title=\"\" data-rl_caption=\"\" title=\"\"><img loading=\"lazy\" decoding=\"async\" width=\"1024\" height=\"684\" src=\"https:\/\/www.ff-oepping.at\/cms\/wp-content\/uploads\/2019\/04\/2019-04-25_Fr\u00fchjahrs\u00fcbung-04-1024x684.jpg\" alt=\"\" data-id=\"9028\" data-link=\"https:\/\/www.ff-oepping.at\/cms\/?attachment_id=9028\" class=\"wp-image-9028\" srcset=\"https:\/\/www.ff-oepping.at\/cms\/wp-content\/uploads\/2019\/04\/2019-04-25_Fr\u00fchjahrs\u00fcbung-04-1024x684.jpg 1024w, https:\/\/www.ff-oepping.at\/cms\/wp-content\/uploads\/2019\/04\/2019-04-25_Fr\u00fchjahrs\u00fcbung-04-300x200.jpg 300w, https:\/\/www.ff-oepping.at\/cms\/wp-content\/uploads\/2019\/04\/2019-04-25_Fr\u00fchjahrs\u00fcbung-04-768x513.jpg 768w, https:\/\/www.ff-oepping.at\/cms\/wp-content\/uploads\/2019\/04\/2019-04-25_Fr\u00fchjahrs\u00fcbung-04-1536x1025.jpg 1536w, https:\/\/www.ff-oepping.at\/cms\/wp-content\/uploads\/2019\/04\/2019-04-25_Fr\u00fchjahrs\u00fcbung-04-2048x1367.jpg 2048w\" sizes=\"auto, (max-width: 1024px) 100vw, 1024px\" \/><\/a><\/figure><\/li><\/ul>\n\n\n<p>Danke an die Geb\u00e4udeeigent\u00fcmer f\u00fcr die M\u00f6glichkeit, an diesem Objekt eine \u00dcbung durchzuf\u00fchren.<br \/><\/p>\n","protected":false},"excerpt":{"rendered":"<p>Im Zuge der Monats- bzw. Fr\u00fchjahrs\u00fcbung wurde dieses Mal ein Brand bei einer ehemaligen Kleinlandwirtschaft mitten im Ortsgebiet von Oepping angenommen. Durch die Situierung des \u00dcbungsobjekts und den baulichen Gegebenheiten&hellip;<\/p>\n","protected":false},"author":5,"featured_media":9029,"comment_status":"closed","ping_status":"closed","sticky":false,"template":"","format":"standard","meta":{"footnotes":""},"categories":[38],"tags":[],"class_list":["post-9012","post","type-post","status-publish","format-standard","has-post-thumbnail","hentry","category-ubungen"],"views":1092,"wps_subtitle":"25. April 2019","_links":{"self":[{"href":"https:\/\/www.ff-oepping.at\/cms\/wp-json\/wp\/v2\/posts\/9012","targetHints":{"allow":["GET"]}}],"collection":[{"href":"https:\/\/www.ff-oepping.at\/cms\/wp-json\/wp\/v2\/posts"}],"about":[{"href":"https:\/\/www.ff-oepping.at\/cms\/wp-json\/wp\/v2\/types\/post"}],"author":[{"embeddable":true,"href":"https:\/\/www.ff-oepping.at\/cms\/wp-json\/wp\/v2\/users\/5"}],"replies":[{"embeddable":true,"href":"https:\/\/www.ff-oepping.at\/cms\/wp-json\/wp\/v2\/comments?post=9012"}],"version-history":[{"count":0,"href":"https:\/\/www.ff-oepping.at\/cms\/wp-json\/wp\/v2\/posts\/9012\/revisions"}],"wp:featuredmedia":[{"embeddable":true,"href":"https:\/\/www.ff-oepping.at\/cms\/wp-json\/wp\/v2\/media\/9029"}],"wp:attachment":[{"href":"https:\/\/www.ff-oepping.at\/cms\/wp-json\/wp\/v2\/media?parent=9012"}],"wp:term":[{"taxonomy":"category","embeddable":true,"href":"https:\/\/www.ff-oepping.at\/cms\/wp-json\/wp\/v2\/categories?post=9012"},{"taxonomy":"post_tag","embeddable":true,"href":"https:\/\/www.ff-oepping.at\/cms\/wp-json\/wp\/v2\/tags?post=9012"}],"curies":[{"name":"wp","href":"https:\/\/api.w.org\/{rel}","templated":true}]}}