{"id":910,"date":"2003-03-30T14:31:04","date_gmt":"2003-03-30T12:31:04","guid":{"rendered":"http:\/\/www.ff-oepping.at\/wp\/?p=910"},"modified":"2003-03-30T14:31:04","modified_gmt":"2003-03-30T12:31:04","slug":"helmut-reischl-ist-neuer-feuerwehrkommandant","status":"publish","type":"post","link":"https:\/\/www.ff-oepping.at\/cms\/die-feuerwehr\/helmut-reischl-ist-neuer-feuerwehrkommandant\/","title":{"rendered":"Helmut Reischl ist neuer Feuerwehrkommandant"},"content":{"rendered":"<p>Am Sonntag, den 30. M\u00e4rz wurde unter Vorsitz von Bgm. Wilhelm Peinbauer ein neues Kommando gew\u00e4hlt.<br \/>\nWahlberechtigte: 82, Wahlbeteiligung: 52 ( 63.4 %)<br \/>\nFolgende Funktionen wurden nahezu einstimmig gew\u00e4hlt:<br \/>\nNeuer Kommandant: Helmut Reischl<br \/>\nNeuer Kommandant-Stellvertreter: Rudolf Anzinger<br \/>\nSchriftf\u00fchrer Paul Mayrhofer und Kassier Alois M\u00e4rzinger wurden in ihren Funktionen best\u00e4tigt. Das Kommando bestellte auch gleich folgende Funktionen: Neuer Ger\u00e4tewart wird Andreas Pr\u00f6ll, Zugskommandant wird Erwin Lau\u00df, Lotsenkommandant wird Rudolf H\u00f6fler und Atemschutzwart Franz Sonnleitner.<br \/>\n<a href=\"http:\/\/www.ff-oepping.at\/cms\/wp-content\/uploads\/2013\/03\/KommandoNeu2003.jpg\" data-rel=\"lightbox-gallery-61kuln0F\" data-rl_title=\"\" data-rl_caption=\"\" title=\"\"><img loading=\"lazy\" decoding=\"async\" class=\"alignnone size-thumbnail wp-image-913\" alt=\"KommandoNeu2003\" src=\"http:\/\/www.ff-oepping.at\/cms\/wp-content\/uploads\/2013\/03\/KommandoNeu2003-150x150.jpg\" width=\"150\" height=\"150\" \/><\/a><\/p>\n","protected":false},"excerpt":{"rendered":"<p>Am Sonntag, den 30. M\u00e4rz wurde unter Vorsitz von Bgm. Wilhelm Peinbauer ein neues Kommando gew\u00e4hlt. Wahlberechtigte: 82, Wahlbeteiligung: 52 ( 63.4 %) Folgende Funktionen wurden nahezu einstimmig gew\u00e4hlt: Neuer&hellip;<\/p>\n","protected":false},"author":5,"featured_media":913,"comment_status":"closed","ping_status":"closed","sticky":false,"template":"","format":"standard","meta":{"footnotes":""},"categories":[40,4],"tags":[],"class_list":["post-910","post","type-post","status-publish","format-standard","has-post-thumbnail","hentry","category-aktivitaeten","category-die-feuerwehr"],"views":1348,"wps_subtitle":"","_links":{"self":[{"href":"https:\/\/www.ff-oepping.at\/cms\/wp-json\/wp\/v2\/posts\/910","targetHints":{"allow":["GET"]}}],"collection":[{"href":"https:\/\/www.ff-oepping.at\/cms\/wp-json\/wp\/v2\/posts"}],"about":[{"href":"https:\/\/www.ff-oepping.at\/cms\/wp-json\/wp\/v2\/types\/post"}],"author":[{"embeddable":true,"href":"https:\/\/www.ff-oepping.at\/cms\/wp-json\/wp\/v2\/users\/5"}],"replies":[{"embeddable":true,"href":"https:\/\/www.ff-oepping.at\/cms\/wp-json\/wp\/v2\/comments?post=910"}],"version-history":[{"count":0,"href":"https:\/\/www.ff-oepping.at\/cms\/wp-json\/wp\/v2\/posts\/910\/revisions"}],"wp:featuredmedia":[{"embeddable":true,"href":"https:\/\/www.ff-oepping.at\/cms\/wp-json\/wp\/v2\/media\/913"}],"wp:attachment":[{"href":"https:\/\/www.ff-oepping.at\/cms\/wp-json\/wp\/v2\/media?parent=910"}],"wp:term":[{"taxonomy":"category","embeddable":true,"href":"https:\/\/www.ff-oepping.at\/cms\/wp-json\/wp\/v2\/categories?post=910"},{"taxonomy":"post_tag","embeddable":true,"href":"https:\/\/www.ff-oepping.at\/cms\/wp-json\/wp\/v2\/tags?post=910"}],"curies":[{"name":"wp","href":"https:\/\/api.w.org\/{rel}","templated":true}]}}