{"id":919,"date":"2003-08-09T14:04:03","date_gmt":"2003-08-09T12:04:03","guid":{"rendered":"http:\/\/www.ff-oepping.at\/wp\/?p=919"},"modified":"2003-08-09T14:04:03","modified_gmt":"2003-08-09T12:04:03","slug":"hochzeit-markus-gabriel-und-johanna-hagenauer","status":"publish","type":"post","link":"https:\/\/www.ff-oepping.at\/cms\/die-feuerwehr\/hochzeit-markus-gabriel-und-johanna-hagenauer\/","title":{"rendered":"Hochzeit Markus Gabriel und Johanna Hagenauer"},"content":{"rendered":"<p>Feuerwehrkamerad Markus Gabriel hat am 9. August 2003 seine Johanna zum Traualtar gef\u00fchrt und hat auch die Feuerwehr zur Hochzeitsfeier herzlich eingeladen.<br \/>\nNach der feierlichen Hochzeitsmesse wurde das Brautpaar beim Durchschreiten des Spaliers etwas nass. Bei dem hei\u00dfen Wetter, war das eine angenehme \u00dcberraschung. Beim Zielspritzen mit der K\u00fcbelspritze zeigte Johanna ihre Treffsicherheit. Auch beim Schneiden mit der Zugs\u00e4ge \u00fcberzeugten beide mit guter Zusammenarbeit und der Brautweiser meinte dazu, dass man jetzt in Obergr\u00fcnau die Motors\u00e4ge verkaufen k\u00f6nnte.<br \/>\nDie Feuerwehr gratuliert jedenfalls dem Brautpaar und w\u00fcnscht ihnen f\u00fcr ihren gemeinsamen Lebensweg viel Gl\u00fcck.<br \/>\n<a href=\"http:\/\/www.ff-oepping.at\/cms\/wp-content\/uploads\/2013\/03\/HochzeitGabrielMarkus1.jpg\" data-rel=\"lightbox-gallery-C9JEj3Bb\" data-rl_title=\"\" data-rl_caption=\"\" title=\"\"><img loading=\"lazy\" decoding=\"async\" class=\"alignnone size-thumbnail wp-image-924\" alt=\"HochzeitGabrielMarkus1\" src=\"http:\/\/www.ff-oepping.at\/cms\/wp-content\/uploads\/2013\/03\/HochzeitGabrielMarkus1-150x150.jpg\" width=\"150\" height=\"150\" \/><\/a> <a href=\"http:\/\/www.ff-oepping.at\/cms\/wp-content\/uploads\/2013\/03\/HochzeitGabrielMarkus4.jpg\" data-rel=\"lightbox-gallery-C9JEj3Bb\" data-rl_title=\"\" data-rl_caption=\"\" title=\"\"><img loading=\"lazy\" decoding=\"async\" class=\"alignnone size-thumbnail wp-image-927\" alt=\"OLYMPUS DIGITAL CAMERA\" src=\"http:\/\/www.ff-oepping.at\/cms\/wp-content\/uploads\/2013\/03\/HochzeitGabrielMarkus4-150x150.jpg\" width=\"150\" height=\"150\" \/><\/a> <a href=\"http:\/\/www.ff-oepping.at\/cms\/wp-content\/uploads\/2013\/03\/HochzeitGabrielMarkus2.jpg\" data-rel=\"lightbox-gallery-C9JEj3Bb\" data-rl_title=\"\" data-rl_caption=\"\" title=\"\"><img loading=\"lazy\" decoding=\"async\" class=\"alignnone size-thumbnail wp-image-925\" alt=\"OLYMPUS DIGITAL CAMERA\" src=\"http:\/\/www.ff-oepping.at\/cms\/wp-content\/uploads\/2013\/03\/HochzeitGabrielMarkus2-150x150.jpg\" width=\"150\" height=\"150\" \/><\/a> <a href=\"http:\/\/www.ff-oepping.at\/cms\/wp-content\/uploads\/2013\/03\/HochzeitGabrielMarkus3.jpg\" data-rel=\"lightbox-gallery-C9JEj3Bb\" data-rl_title=\"\" data-rl_caption=\"\" title=\"\"><img loading=\"lazy\" decoding=\"async\" class=\"alignnone size-thumbnail wp-image-926\" alt=\"OLYMPUS DIGITAL CAMERA\" src=\"http:\/\/www.ff-oepping.at\/cms\/wp-content\/uploads\/2013\/03\/HochzeitGabrielMarkus3-150x150.jpg\" width=\"150\" height=\"150\" \/><\/a><\/p>\n","protected":false},"excerpt":{"rendered":"<p>Feuerwehrkamerad Markus Gabriel hat am 9. August 2003 seine Johanna zum Traualtar gef\u00fchrt und hat auch die Feuerwehr zur Hochzeitsfeier herzlich eingeladen. Nach der feierlichen Hochzeitsmesse wurde das Brautpaar beim&hellip;<\/p>\n","protected":false},"author":5,"featured_media":924,"comment_status":"closed","ping_status":"closed","sticky":false,"template":"","format":"standard","meta":{"footnotes":""},"categories":[40,4],"tags":[],"class_list":["post-919","post","type-post","status-publish","format-standard","has-post-thumbnail","hentry","category-aktivitaeten","category-die-feuerwehr"],"views":1714,"wps_subtitle":"","_links":{"self":[{"href":"https:\/\/www.ff-oepping.at\/cms\/wp-json\/wp\/v2\/posts\/919","targetHints":{"allow":["GET"]}}],"collection":[{"href":"https:\/\/www.ff-oepping.at\/cms\/wp-json\/wp\/v2\/posts"}],"about":[{"href":"https:\/\/www.ff-oepping.at\/cms\/wp-json\/wp\/v2\/types\/post"}],"author":[{"embeddable":true,"href":"https:\/\/www.ff-oepping.at\/cms\/wp-json\/wp\/v2\/users\/5"}],"replies":[{"embeddable":true,"href":"https:\/\/www.ff-oepping.at\/cms\/wp-json\/wp\/v2\/comments?post=919"}],"version-history":[{"count":0,"href":"https:\/\/www.ff-oepping.at\/cms\/wp-json\/wp\/v2\/posts\/919\/revisions"}],"wp:featuredmedia":[{"embeddable":true,"href":"https:\/\/www.ff-oepping.at\/cms\/wp-json\/wp\/v2\/media\/924"}],"wp:attachment":[{"href":"https:\/\/www.ff-oepping.at\/cms\/wp-json\/wp\/v2\/media?parent=919"}],"wp:term":[{"taxonomy":"category","embeddable":true,"href":"https:\/\/www.ff-oepping.at\/cms\/wp-json\/wp\/v2\/categories?post=919"},{"taxonomy":"post_tag","embeddable":true,"href":"https:\/\/www.ff-oepping.at\/cms\/wp-json\/wp\/v2\/tags?post=919"}],"curies":[{"name":"wp","href":"https:\/\/api.w.org\/{rel}","templated":true}]}}