{"id":947,"date":"2003-05-04T14:39:28","date_gmt":"2003-05-04T12:39:28","guid":{"rendered":"http:\/\/www.ff-oepping.at\/wp\/?p=947"},"modified":"2003-05-04T14:39:28","modified_gmt":"2003-05-04T12:39:28","slug":"ehrung-fur-ludwig-eckerstorfer","status":"publish","type":"post","link":"https:\/\/www.ff-oepping.at\/cms\/die-feuerwehr\/ehrung-fur-ludwig-eckerstorfer\/","title":{"rendered":"Ehrung f\u00fcr Ludwig Eckerstorfer"},"content":{"rendered":"<p>Nach 35-j\u00e4hriger T\u00e4tigkeit als Zeugwart in der Feuerwehr Oepping hat Ludwig Eckerstorfer nun seine Funktion in j\u00fcngere H\u00e4nde gelegt und hat das Kommando die traditionelle Florianiausr\u00fcckung am Sonntag 4. Mai 2003 zum Anlass genommen um ihm f\u00fcr seine verdienstvolle Arbeit f\u00fcr die Feuerwehr Oepping zu danken. Eckerstorfer \u00fcbernahm im Jahre 1968 von seinem Vater die Funktion des Zeugwartes, der seinerseits bereits 15 Jahre diese Funktion inne hatte und somit war die Familie Eckerstorfer ein halbes Jahrhundert f\u00fcr die Ordnung im Feuerwehrhaus verantwortlich. Kommandant Reischl \u00fcberreichte \u201eLuk\u201c eine Dank- und Anerkennungsurkunde sowie eine Florianstatue aus Holz und sprach in seinen Dankesworten im besonderen aber auch seine Bem\u00fchungen um das Bewerbsgeschehen in Oepping an. Eckerstorfer erh\u00e4lt auch den Ehrendienstgrad \u201eEhren-Amtswalter\u201c.<br \/>\n<a href=\"http:\/\/www.ff-oepping.at\/cms\/wp-content\/uploads\/2003\/05\/2003_ehrung_ludwig_eckerstorfer_1.jpg\" data-rel=\"lightbox-gallery-kfMN4GQc\" data-rl_title=\"\" data-rl_caption=\"\" title=\"\"><img loading=\"lazy\" decoding=\"async\" width=\"300\" height=\"225\" class=\"alignnone size-full wp-image-4387\" alt=\"OLYMPUS DIGITAL CAMERA\" src=\"http:\/\/www.ff-oepping.at\/cms\/wp-content\/uploads\/2003\/05\/2003_ehrung_ludwig_eckerstorfer_1.jpg\" \/><\/a> <a href=\"http:\/\/www.ff-oepping.at\/cms\/wp-content\/uploads\/2003\/05\/2003_ehrung_ludwig_eckerstorfer_2.jpg\" data-rel=\"lightbox-gallery-kfMN4GQc\" data-rl_title=\"\" data-rl_caption=\"\" title=\"\"><img loading=\"lazy\" decoding=\"async\" width=\"300\" height=\"225\" class=\"alignnone size-full wp-image-4386\" alt=\"OLYMPUS DIGITAL CAMERA\" src=\"http:\/\/www.ff-oepping.at\/cms\/wp-content\/uploads\/2003\/05\/2003_ehrung_ludwig_eckerstorfer_2.jpg\" \/><\/a><br \/>\nLau\u00df Erwin (letzter Kdt. w\u00e4hrend seines Wirkens als Zeugwart) und Kdt. Helmut Reischl sagen Danke f\u00fcr die verdienstvolle Arbeit im Kommando der FF Oepping<\/p>\n","protected":false},"excerpt":{"rendered":"<p>Nach 35-j\u00e4hriger T\u00e4tigkeit als Zeugwart in der Feuerwehr Oepping hat Ludwig Eckerstorfer nun seine Funktion in j\u00fcngere H\u00e4nde gelegt und hat das Kommando die traditionelle Florianiausr\u00fcckung am Sonntag 4. Mai&hellip;<\/p>\n","protected":false},"author":5,"featured_media":4387,"comment_status":"closed","ping_status":"closed","sticky":false,"template":"","format":"standard","meta":{"footnotes":""},"categories":[40,4],"tags":[],"class_list":["post-947","post","type-post","status-publish","format-standard","has-post-thumbnail","hentry","category-aktivitaeten","category-die-feuerwehr"],"views":1144,"wps_subtitle":"","_links":{"self":[{"href":"https:\/\/www.ff-oepping.at\/cms\/wp-json\/wp\/v2\/posts\/947","targetHints":{"allow":["GET"]}}],"collection":[{"href":"https:\/\/www.ff-oepping.at\/cms\/wp-json\/wp\/v2\/posts"}],"about":[{"href":"https:\/\/www.ff-oepping.at\/cms\/wp-json\/wp\/v2\/types\/post"}],"author":[{"embeddable":true,"href":"https:\/\/www.ff-oepping.at\/cms\/wp-json\/wp\/v2\/users\/5"}],"replies":[{"embeddable":true,"href":"https:\/\/www.ff-oepping.at\/cms\/wp-json\/wp\/v2\/comments?post=947"}],"version-history":[{"count":0,"href":"https:\/\/www.ff-oepping.at\/cms\/wp-json\/wp\/v2\/posts\/947\/revisions"}],"wp:featuredmedia":[{"embeddable":true,"href":"https:\/\/www.ff-oepping.at\/cms\/wp-json\/wp\/v2\/media\/4387"}],"wp:attachment":[{"href":"https:\/\/www.ff-oepping.at\/cms\/wp-json\/wp\/v2\/media?parent=947"}],"wp:term":[{"taxonomy":"category","embeddable":true,"href":"https:\/\/www.ff-oepping.at\/cms\/wp-json\/wp\/v2\/categories?post=947"},{"taxonomy":"post_tag","embeddable":true,"href":"https:\/\/www.ff-oepping.at\/cms\/wp-json\/wp\/v2\/tags?post=947"}],"curies":[{"name":"wp","href":"https:\/\/api.w.org\/{rel}","templated":true}]}}