{"id":9605,"date":"2019-12-25T13:06:35","date_gmt":"2019-12-25T12:06:35","guid":{"rendered":"https:\/\/www.ff-oepping.at\/wp\/?p=9605"},"modified":"2020-04-04T16:12:07","modified_gmt":"2020-04-04T14:12:07","slug":"friedenslicht-im-zeichen-des-nachwuches","status":"publish","type":"post","link":"https:\/\/www.ff-oepping.at\/cms\/jugend\/friedenslicht-im-zeichen-des-nachwuches\/","title":{"rendered":"Friedenslicht im Zeichen des Nachwuchses"},"content":{"rendered":"\n<p>Seit vielen Jahren ist es bereits \u00fcblich, dass am Vormittag des 24. Dezembers die Feuerwehrjugend im Pflichtbereich der FF-Oepping von Haus zu Haus geht und an die Menschen das Friedenslicht \u00fcberbringt. <\/p>\n\n\n<p>Im Zuge dieser Aktion wird gleichzeitg um eine kleine Spende f\u00fcr den guten Zweck gesammelt. So wurde dieses Jahr f\u00fcr den Nachwuchs in der Gemeinde Oepping gesammelt (Unterst\u00fctzung f\u00fcr Spielgruppe, Kindergarten und Volksschule).<\/p>\n\n\n<p>Vielen Dank an alle Spender, f\u00fcr die Spenden im Gesamtwert von \u00fcber 3.000 Euro! Danke auch an die Begleitpersonen, dass ihr euch Zeit genommen habt, das Friedenslicht zu verteilen!<\/p>\n\n\n<figure class=\"wp-block-image size-large\"><a href=\"https:\/\/www.ff-oepping.at\/cms\/wp-content\/uploads\/2019\/12\/2019-12-24_Friedenslicht.jpg\" data-rel=\"lightbox-gallery-szOVQHVP\" data-rl_title=\"\" data-rl_caption=\"\" title=\"\"><img loading=\"lazy\" decoding=\"async\" width=\"1024\" height=\"548\" src=\"https:\/\/www.ff-oepping.at\/cms\/wp-content\/uploads\/2019\/12\/2019-12-24_Friedenslicht.jpg\" alt=\"\" class=\"wp-image-9607\" srcset=\"https:\/\/www.ff-oepping.at\/cms\/wp-content\/uploads\/2019\/12\/2019-12-24_Friedenslicht.jpg 1024w, https:\/\/www.ff-oepping.at\/cms\/wp-content\/uploads\/2019\/12\/2019-12-24_Friedenslicht-300x161.jpg 300w, https:\/\/www.ff-oepping.at\/cms\/wp-content\/uploads\/2019\/12\/2019-12-24_Friedenslicht-768x411.jpg 768w\" sizes=\"auto, (max-width: 1024px) 100vw, 1024px\" \/><\/a><\/figure>\n","protected":false},"excerpt":{"rendered":"<p>Seit vielen Jahren ist es bereits \u00fcblich, dass am Vormittag des 24. Dezembers die Feuerwehrjugend im Pflichtbereich der FF-Oepping von Haus zu Haus geht und an die Menschen das Friedenslicht&hellip;<\/p>\n","protected":false},"author":3,"featured_media":9606,"comment_status":"closed","ping_status":"closed","sticky":false,"template":"","format":"standard","meta":{"footnotes":""},"categories":[21],"tags":[],"class_list":["post-9605","post","type-post","status-publish","format-standard","has-post-thumbnail","hentry","category-jugend"],"views":1070,"wps_subtitle":"24. Dezember 2019","_links":{"self":[{"href":"https:\/\/www.ff-oepping.at\/cms\/wp-json\/wp\/v2\/posts\/9605","targetHints":{"allow":["GET"]}}],"collection":[{"href":"https:\/\/www.ff-oepping.at\/cms\/wp-json\/wp\/v2\/posts"}],"about":[{"href":"https:\/\/www.ff-oepping.at\/cms\/wp-json\/wp\/v2\/types\/post"}],"author":[{"embeddable":true,"href":"https:\/\/www.ff-oepping.at\/cms\/wp-json\/wp\/v2\/users\/3"}],"replies":[{"embeddable":true,"href":"https:\/\/www.ff-oepping.at\/cms\/wp-json\/wp\/v2\/comments?post=9605"}],"version-history":[{"count":1,"href":"https:\/\/www.ff-oepping.at\/cms\/wp-json\/wp\/v2\/posts\/9605\/revisions"}],"predecessor-version":[{"id":9973,"href":"https:\/\/www.ff-oepping.at\/cms\/wp-json\/wp\/v2\/posts\/9605\/revisions\/9973"}],"wp:featuredmedia":[{"embeddable":true,"href":"https:\/\/www.ff-oepping.at\/cms\/wp-json\/wp\/v2\/media\/9606"}],"wp:attachment":[{"href":"https:\/\/www.ff-oepping.at\/cms\/wp-json\/wp\/v2\/media?parent=9605"}],"wp:term":[{"taxonomy":"category","embeddable":true,"href":"https:\/\/www.ff-oepping.at\/cms\/wp-json\/wp\/v2\/categories?post=9605"},{"taxonomy":"post_tag","embeddable":true,"href":"https:\/\/www.ff-oepping.at\/cms\/wp-json\/wp\/v2\/tags?post=9605"}],"curies":[{"name":"wp","href":"https:\/\/api.w.org\/{rel}","templated":true}]}}